{"id":1,"date":"2018-01-17T09:31:54","date_gmt":"2018-01-17T08:31:54","guid":{"rendered":"https:\/\/fair-rhein.de\/geldern\/?p=1"},"modified":"2018-02-13T16:48:06","modified_gmt":"2018-02-13T15:48:06","slug":"hallo-welt","status":"publish","type":"post","link":"https:\/\/fair-rhein.de\/geldern\/hallo-welt\/","title":{"rendered":"Auftritt des Produktes \u201eDe Geldersche\u201c beim LandLebenMarkt Geldern  am 30.09.2017"},"content":{"rendered":"<p>Trotz str\u00f6menden Regens lie\u00dfen sich die Mitarbeiter des Weltladens nicht entmutigen, ihren Kaffee anzupreisen.<\/p>\n<p>B\u00fcrgermeister <strong>Sven Kaiser<\/strong> h\u00f6chstpers\u00f6nlich erschien an unserem Stand, um unser neues Produkt, \u201eDe Geldersche\u201c\u00a0 LandLebenKaffee aus Nicaragua zu probieren. Unser Ziel ist es, dass dieses\u00a0 Produkt als Beigabe in den Pr\u00e4sentk\u00f6rben der Stadt \u00fcbernommen wird und wir dadurch einen festen Abnehmer f\u00fcr dieses Produkt haben. Gespr\u00e4che laufen.<\/p>\n<p>Bild:\u00a0Unsere Vorsitzende Helga Schulte mit B\u00fcrgermeister Sven Kaiser am Stand des Weltladens.<\/p>\n","protected":false},"excerpt":{"rendered":"<p>Trotz str\u00f6menden Regens lie\u00dfen sich die Mitarbeiter des Weltladens nicht entmutigen, ihren Kaffee anzupreisen. B\u00fcrgermeister Sven Kaiser h\u00f6chstpers\u00f6nlich erschien an&hellip;<\/p>\n","protected":false},"author":23,"featured_media":138,"comment_status":"closed","ping_status":"closed","sticky":false,"template":"","format":"standard","meta":{"footnotes":""},"categories":[6],"tags":[],"class_list":["post-1","post","type-post","status-publish","format-standard","has-post-thumbnail","hentry","category-neuigkeiten","category-6","description-off"],"_links":{"self":[{"href":"https:\/\/fair-rhein.de\/geldern\/wp-json\/wp\/v2\/posts\/1","targetHints":{"allow":["GET"]}}],"collection":[{"href":"https:\/\/fair-rhein.de\/geldern\/wp-json\/wp\/v2\/posts"}],"about":[{"href":"https:\/\/fair-rhein.de\/geldern\/wp-json\/wp\/v2\/types\/post"}],"author":[{"embeddable":true,"href":"https:\/\/fair-rhein.de\/geldern\/wp-json\/wp\/v2\/users\/23"}],"replies":[{"embeddable":true,"href":"https:\/\/fair-rhein.de\/geldern\/wp-json\/wp\/v2\/comments?post=1"}],"version-history":[{"count":2,"href":"https:\/\/fair-rhein.de\/geldern\/wp-json\/wp\/v2\/posts\/1\/revisions"}],"predecessor-version":[{"id":236,"href":"https:\/\/fair-rhein.de\/geldern\/wp-json\/wp\/v2\/posts\/1\/revisions\/236"}],"wp:featuredmedia":[{"embeddable":true,"href":"https:\/\/fair-rhein.de\/geldern\/wp-json\/wp\/v2\/media\/138"}],"wp:attachment":[{"href":"https:\/\/fair-rhein.de\/geldern\/wp-json\/wp\/v2\/media?parent=1"}],"wp:term":[{"taxonomy":"category","embeddable":true,"href":"https:\/\/fair-rhein.de\/geldern\/wp-json\/wp\/v2\/categories?post=1"},{"taxonomy":"post_tag","embeddable":true,"href":"https:\/\/fair-rhein.de\/geldern\/wp-json\/wp\/v2\/tags?post=1"}],"curies":[{"name":"wp","href":"https:\/\/api.w.org\/{rel}","templated":true}]}}