{"id":1746,"date":"2021-05-17T09:58:30","date_gmt":"2021-05-17T07:58:30","guid":{"rendered":"https:\/\/fair-rhein.de\/geldern\/?p=1746"},"modified":"2021-06-02T17:15:20","modified_gmt":"2021-06-02T15:15:20","slug":"1746-2","status":"publish","type":"post","link":"https:\/\/fair-rhein.de\/geldern\/1746-2\/","title":{"rendered":"R\u00e4umliche Erweiterung des Weltladens"},"content":{"rendered":"<p>Achtung! Jetzt ist es offiziell: Wir k\u00f6nnen f\u00fcr zwei Jahre das <strong>benachbarte Ladenlokal<\/strong> dazu mieten. Durch ein F\u00f6rderprogramm des Landes NRW gegen den Leerstand haben wir ab dem 1. Juni 2021 die M\u00f6glichkeit die R\u00e4umlichkeit zu nutzen.<\/p>\n<p>Wir sehen die Nutzung des neuen Raumes als Chance, unsere Pr\u00e4senz im Einzelhandel Gelderns bei geringen Zusatzkosten zu steigern und unsere unterst\u00fctzten Projekte noch st\u00e4rker f\u00f6rdern zu k\u00f6nnen.<\/p>\n<p>Wir wollen den zus\u00e4tzlichen Raum f\u00fcr verschiedene Dinge nutzen:<br \/>\n&#8211; Schaufenster und zus\u00e4tzliche Verkaufsfl\u00e4che im vorderen Drittel<br \/>\n&#8211; Begegnungs &#8211; und Ausstellungsraum<br \/>\n&#8211; Lagerm\u00f6glichkeit.<\/p>\n<p>Hier die ersten Bilder von der Inneneinrichtung<\/p>\n<p><img loading=\"lazy\" decoding=\"async\" class=\"alignnone size-medium wp-image-1751\" src=\"https:\/\/fair-rhein.de\/geldern\/wp-content\/uploads\/sites\/3\/2021\/05\/geldern-neuer-raum-01-300x225.jpg\" alt=\"\" width=\"300\" height=\"225\" srcset=\"https:\/\/fair-rhein.de\/geldern\/wp-content\/uploads\/sites\/3\/2021\/05\/geldern-neuer-raum-01-300x225.jpg 300w, https:\/\/fair-rhein.de\/geldern\/wp-content\/uploads\/sites\/3\/2021\/05\/geldern-neuer-raum-01-1024x768.jpg 1024w, https:\/\/fair-rhein.de\/geldern\/wp-content\/uploads\/sites\/3\/2021\/05\/geldern-neuer-raum-01-768x576.jpg 768w, https:\/\/fair-rhein.de\/geldern\/wp-content\/uploads\/sites\/3\/2021\/05\/geldern-neuer-raum-01.jpg 1200w\" sizes=\"auto, (max-width: 300px) 100vw, 300px\" \/>\u00a0 <img loading=\"lazy\" decoding=\"async\" class=\"alignnone wp-image-1752\" src=\"https:\/\/fair-rhein.de\/geldern\/wp-content\/uploads\/sites\/3\/2021\/05\/geldern-neuer-raum-02-300x215.jpg\" alt=\"\" width=\"313\" height=\"224\" srcset=\"https:\/\/fair-rhein.de\/geldern\/wp-content\/uploads\/sites\/3\/2021\/05\/geldern-neuer-raum-02-300x215.jpg 300w, https:\/\/fair-rhein.de\/geldern\/wp-content\/uploads\/sites\/3\/2021\/05\/geldern-neuer-raum-02-1024x732.jpg 1024w, https:\/\/fair-rhein.de\/geldern\/wp-content\/uploads\/sites\/3\/2021\/05\/geldern-neuer-raum-02-768x549.jpg 768w, https:\/\/fair-rhein.de\/geldern\/wp-content\/uploads\/sites\/3\/2021\/05\/geldern-neuer-raum-02.jpg 1200w\" sizes=\"auto, (max-width: 313px) 100vw, 313px\" \/>\u00a0 <img loading=\"lazy\" decoding=\"async\" class=\"alignnone size-medium wp-image-1753\" src=\"https:\/\/fair-rhein.de\/geldern\/wp-content\/uploads\/sites\/3\/2021\/05\/geldern-neuer-raum-03-300x225.jpg\" alt=\"\" width=\"300\" height=\"225\" srcset=\"https:\/\/fair-rhein.de\/geldern\/wp-content\/uploads\/sites\/3\/2021\/05\/geldern-neuer-raum-03-300x225.jpg 300w, https:\/\/fair-rhein.de\/geldern\/wp-content\/uploads\/sites\/3\/2021\/05\/geldern-neuer-raum-03-1024x768.jpg 1024w, https:\/\/fair-rhein.de\/geldern\/wp-content\/uploads\/sites\/3\/2021\/05\/geldern-neuer-raum-03-768x576.jpg 768w, https:\/\/fair-rhein.de\/geldern\/wp-content\/uploads\/sites\/3\/2021\/05\/geldern-neuer-raum-03.jpg 1200w\" sizes=\"auto, (max-width: 300px) 100vw, 300px\" \/><\/p>\n","protected":false},"excerpt":{"rendered":"<p>Achtung! Jetzt ist es offiziell: Wir k\u00f6nnen f\u00fcr zwei Jahre das benachbarte Ladenlokal dazu mieten. Durch ein F\u00f6rderprogramm des Landes&hellip;<\/p>\n","protected":false},"author":25,"featured_media":1707,"comment_status":"closed","ping_status":"closed","sticky":false,"template":"","format":"standard","meta":{"footnotes":""},"categories":[6],"tags":[],"class_list":["post-1746","post","type-post","status-publish","format-standard","has-post-thumbnail","hentry","category-neuigkeiten","category-6","description-off"],"_links":{"self":[{"href":"https:\/\/fair-rhein.de\/geldern\/wp-json\/wp\/v2\/posts\/1746","targetHints":{"allow":["GET"]}}],"collection":[{"href":"https:\/\/fair-rhein.de\/geldern\/wp-json\/wp\/v2\/posts"}],"about":[{"href":"https:\/\/fair-rhein.de\/geldern\/wp-json\/wp\/v2\/types\/post"}],"author":[{"embeddable":true,"href":"https:\/\/fair-rhein.de\/geldern\/wp-json\/wp\/v2\/users\/25"}],"replies":[{"embeddable":true,"href":"https:\/\/fair-rhein.de\/geldern\/wp-json\/wp\/v2\/comments?post=1746"}],"version-history":[{"count":3,"href":"https:\/\/fair-rhein.de\/geldern\/wp-json\/wp\/v2\/posts\/1746\/revisions"}],"predecessor-version":[{"id":1750,"href":"https:\/\/fair-rhein.de\/geldern\/wp-json\/wp\/v2\/posts\/1746\/revisions\/1750"}],"wp:featuredmedia":[{"embeddable":true,"href":"https:\/\/fair-rhein.de\/geldern\/wp-json\/wp\/v2\/media\/1707"}],"wp:attachment":[{"href":"https:\/\/fair-rhein.de\/geldern\/wp-json\/wp\/v2\/media?parent=1746"}],"wp:term":[{"taxonomy":"category","embeddable":true,"href":"https:\/\/fair-rhein.de\/geldern\/wp-json\/wp\/v2\/categories?post=1746"},{"taxonomy":"post_tag","embeddable":true,"href":"https:\/\/fair-rhein.de\/geldern\/wp-json\/wp\/v2\/tags?post=1746"}],"curies":[{"name":"wp","href":"https:\/\/api.w.org\/{rel}","templated":true}]}}