{"id":2092,"date":"2022-03-06T12:39:57","date_gmt":"2022-03-06T11:39:57","guid":{"rendered":"https:\/\/fair-rhein.de\/geldern\/?p=2092"},"modified":"2022-03-06T13:14:21","modified_gmt":"2022-03-06T12:14:21","slug":"vortrag-zur-kinderarbeit-in-der-vhs","status":"publish","type":"post","link":"https:\/\/fair-rhein.de\/geldern\/vortrag-zur-kinderarbeit-in-der-vhs\/","title":{"rendered":"Vortrag zur Kinderarbeit in der VHS"},"content":{"rendered":"<p>Nachdem die Ausstellung &#8222;Der Skandal hat viele Gesichter&#8220; im Weltladen vom 1.-24. Februar zu sehen war, findet sie jetzt ihre Fortsetzung im M\u00e4rz in der VHS Gelderland. Im Rahmen einer Auftaktveranstaltung zu diesem Thema konnte Prof. Dr. Dr. Alexander Lohner (im Bild links), vermittelt von Misereor, zu einem Vortrag gewonnen werden.<\/p>\n<p>Hier k\u00f6nnen Sie eine<strong> inhaltliche Zusammenfassung<\/strong> des Vortrags lesen:<\/p>\n<p><strong>Vortrag von Prof. Dr. Dr. Lohner zum Thema \u201eKinderarbeit\u201c<\/strong><\/p>\n<p>Eine Veranstaltung in Kooperation der Steuerungsgruppe Fairtrade-Stadt Geldern, VHS und dem <strong>Weltladen Geldern<\/strong><\/p>\n<p><strong>\u201eMut ist, zu geben, wenn alle nehmen\u201c<\/strong><\/p>\n<p>Prof. Lohner wollte seinen Vortrag als komplement\u00e4r zu der gezeigten Ausstellung angelegt wissen. Neben den etwa 79 Mio. Kindern weltweit, die von sog. <strong>ausbeuterischer Kinderarbeit<\/strong> betroffen sind, l\u00e4sst das Schicksal viele weitere Kinder unter unw\u00fcrdigen, nicht kindgerechten Bedingungen leben:<br \/>\n&#8211; Stra\u00dfenkinder, ca. 100 Mio.<br \/>\n&#8211; Kinderhandel, ca. 1,2 Mio. als Sklaven, Bettler, Prostituierte<br \/>\n&#8211; Opfer sexualisierter Gewalt, mehr als 220 Mio.<\/p>\n<p>Die <strong>menschenunw\u00fcrdige Situation<\/strong> vieler Kinder, darunter vor allem auch die Kinderarbeit, ist im Kontext der zu dem <strong>Wirtschaftssystem<\/strong> (Kapitalismus, Globalisierung) der 20 reichsten L\u00e4nder auf der Erde zu sehen, das dazu f\u00fchrt, dass arme L\u00e4nder in ihrer <strong>Verschuldungsspirale<\/strong> und damit in Abh\u00e4ngigkeit gefangen gehalten werden, um die <strong>Bed\u00fcrfnisse nach billigen Rohstoffen<\/strong> zu befriedigen. Damit gef\u00e4hrden die reichen L\u00e4nder die Existenz so vieler armer Menschen und entziehen ihnen und ihren Familien die Lebensgrundlagen. Kinder werden zwangsl\u00e4ufig in die Arbeit zur Existenzsicherung geschickt. Ohne Bildung kommen die Kinder aus diesem Teufelskreislauf nicht heraus.<\/p>\n<p>Prof. Lohner f\u00fchrt einige Beispiele an:<\/p>\n<p><strong>Die Wasserproblematik<br \/>\n<\/strong>In einer neuen Dimension der allg. Menschenrechte, den WSK-Rechten (wirtschaftliche, soziale und kulturelle Menschenrechte) geh\u00f6rt das <strong>Recht auf Wasser<\/strong>. Wasser wird aber auch als Ware angesehen. Und so nutzen Konzerne wie Nestl\u00e9 arme verschuldete L\u00e4nder aus, die gezwungen werden, das wenige Wasser als Ressource anzubieten, und dann ihr eigenes Wasser als Trinkwasser kaufen m\u00fcssen.<br \/>\nWasser und Kindergesundheit geh\u00f6ren eng zusammen. Mangelnde Hygiene f\u00fchrt zu einer hohen Sterberate. Die Gender-Problematik f\u00fchrt dazu, dass M\u00e4dchen in ihrer sozialen Geschlechterrolle das Wasser, das durch viele Faktoren (Klimawandel etc.) knapper wird, von immer entfernter gelegenen Stellen holen m\u00fcssen, was die Wege verl\u00e4ngert, mehr Zeit erfordert, damit die Zeit f\u00fcr die Schule fehlt. Bildung ist auch eine Gesundheitsvorsorgema\u00dfnahme!<br \/>\nDie Wasserknappheit nimmt nicht zuletzt durch die Nahrungsmittelproduktion zu. Und die h\u00e4ngt wiederum in hohem Ma\u00dfe von der Verschuldung ab. Die reichen L\u00e4nder (Konzerne) schreiben den armen L\u00e4ndern vor, was sie produzieren sollen. Regierungen sind ja gezwungen, Devisen zu beschaffen, um die Schulden abzuzahlen. Der Wasserverbrauch in der Nahrungsmittelindustrie ist enorm. So werden zur Erzeugung von 1kg Rindfleisch \u00fcber 15000 Liter Wasser gebraucht. Der Apell muss sein, keine Nahrungsmittel und G\u00fcter aus dem S\u00fcden zu kaufen (au\u00dfer Fairtrade-Produkte). Man nimmt den armen L\u00e4ndern Wasser und Nahrung weg. Es ist paradox, dass Menschen, die Nahrung f\u00fcr uns produzieren selber hungern m\u00fcssen!<\/p>\n<p><strong>Die Coltanproblematik<br \/>\n<\/strong>Die Republik Kongo mit ihren 80 Mio. Einwohnern ist das zweit\u00e4rmste Land der Welt, obwohl es so reich an Bodensch\u00e4tzen ist. Schuld daran tr\u00e4gt allen voran der europ\u00e4ische, hier der belgische Kolonialismus, der mit brutaler Ausbeutung einhergegangen ist. Dieser spiegelt sich heute speziell in der Coltangewinnung wider. Coltan ist ein wertvolles Metalloxidmineral, dessen Inhaltsstoffe in Handys gebraucht wird. In mehr als 30%\u00a0 der Minen arbeiten Kinder und Jugendliche in selbstgegrabenen Stollen ohne Arbeits- und Gesundheitsschutz unter Gef\u00e4hrdung ihres Lebens. Aufgrund der Armut und der mangelnden Perspektive schuften viele junge Menschen, obwohl sie z.T. auch gut ausgebildet sind, z.B. Abitur haben. F\u00fcr uns muss die einzige Konsequenz sein: nur ein \u201efaires\u201c Handy kaufen!<\/p>\n<p><strong>Bleivergiftung<\/strong><br \/>\nCa. 800 Mio. Kinder haben einen zu hohen Bleigehalt im Blut, was mit unserem Luxus und nat\u00fcrlich mit der Kinderarbeit zu tun hat. Die Batterieproduktion , das Recycling, das Durchw\u00fchlen der M\u00fcllhalden in den armen L\u00e4ndern, die unseren Elektronikschrott aufnehmen, f\u00fchrt zu dieser enormen Gesundheitsgef\u00e4hrdung.<\/p>\n<p><strong>Gibt es auch Erfolgsgeschichten?<\/strong><br \/>\nDie Kinderl\u00e4hmung (Polio) ist weltweit besiegt! Nichtsdestotrotz\u00a0 ist f\u00fcr viele Kinder im globalen S\u00fcden die Perspektive f\u00fcr viele Infektionskrankheiten schlecht, weil die Pharmaindustrie wegen ihres Profitstrebens keine g\u00fcnstigen Medikamente f\u00fcr diese L\u00e4nder herstellt. Auch die AIDS-Krise musste zun\u00e4chst als Ursache von Bildungsnot und Kinderarbeit gelten. Wegen der hohen Todesrate starben z.B. auch viele Lehrer im Afrika s\u00fcdlich der Sahara, die die Bildungsnot und damit die gesundheitliche Aufkl\u00e4rung erheblich behinderten. Heute ist\u00a0 die Produktion von AIDS-Medikamenten billiger geworden und hilft bei der Behandlung dieser Krankheit auch in den \u00e4rmeren L\u00e4ndern.<\/p>\n<p><strong>Fazit<\/strong><br \/>\nIn seinem facettenreichen Vortrag zeichnete Prof. Lohner besonders die vielf\u00e4ltigen wirtschaftsgeopolitischen Hintergr\u00fcnde f\u00fcr die Situation der Kinder, speziell f\u00fcr die Kinderarbeit auf, die besonders in unserem Lebensstil begr\u00fcndet sind. Er mahnte unsere moralische Verpflichtung an, daf\u00fcr zu sorgen, die Perspektiven f\u00fcr ein menschenw\u00fcrdiges Leben dieser Kinder zu erh\u00f6hen.<br \/>\n<strong>Fairer Handel<\/strong> und damit Verbot von Kinderarbeit und Erh\u00f6hung der Bildungschancen sind ein wichtiger Weg dahin.<\/p>\n<p><img loading=\"lazy\" decoding=\"async\" class=\"alignnone wp-image-2094\" src=\"https:\/\/fair-rhein.de\/geldern\/wp-content\/uploads\/sites\/3\/2022\/03\/Vortrag_Kinderarbeit_03-300x225.jpg\" alt=\"\" width=\"351\" height=\"263\" srcset=\"https:\/\/fair-rhein.de\/geldern\/wp-content\/uploads\/sites\/3\/2022\/03\/Vortrag_Kinderarbeit_03-300x225.jpg 300w, https:\/\/fair-rhein.de\/geldern\/wp-content\/uploads\/sites\/3\/2022\/03\/Vortrag_Kinderarbeit_03-1024x768.jpg 1024w, https:\/\/fair-rhein.de\/geldern\/wp-content\/uploads\/sites\/3\/2022\/03\/Vortrag_Kinderarbeit_03-768x576.jpg 768w, https:\/\/fair-rhein.de\/geldern\/wp-content\/uploads\/sites\/3\/2022\/03\/Vortrag_Kinderarbeit_03-1536x1152.jpg 1536w, https:\/\/fair-rhein.de\/geldern\/wp-content\/uploads\/sites\/3\/2022\/03\/Vortrag_Kinderarbeit_03-2048x1536.jpg 2048w\" sizes=\"auto, (max-width: 351px) 100vw, 351px\" \/> Foto \u00a9 Manfred Austrup<\/p>\n<div class=\"et_pb_row et_pb_row_3\">\n<div class=\"et_pb_column et_pb_column_4_4 et_pb_column_3 et_pb_css_mix_blend_mode_passthrough et-last-child\">\n<div class=\"et_pb_module et_pb_text et_pb_text_3 et_pb_bg_layout_light et_pb_text_align_left\">\n<div class=\"et_pb_text_inner\">\n<p>Prof. Dr. Dr. Lohner (2.v.r.) deckte die vielf\u00e4ltigen Hintergr\u00fcnde f\u00fcr die weltweite ausbeuterische Kinderarbeit auf. Hubertus Heix (r.), Vorsitzender der Steuerungsgruppe Fairtrade-Stadt Geldern, Sonja Vieten, Leiterin der VHS und Karl-Heinz Pasing (l.) vom Weltladen bedankten sich f\u00fcr den interessanten, fundierten und detailreichen Vortrag.<\/p>\n<\/div>\n<\/div>\n<\/div>\n<\/div>\n","protected":false},"excerpt":{"rendered":"<p>Nachdem die Ausstellung &#8222;Der Skandal hat viele Gesichter&#8220; im Weltladen vom 1.-24. Februar zu sehen war, findet sie jetzt ihre&hellip;<\/p>\n","protected":false},"author":25,"featured_media":2093,"comment_status":"closed","ping_status":"closed","sticky":false,"template":"","format":"standard","meta":{"footnotes":""},"categories":[6],"tags":[],"class_list":["post-2092","post","type-post","status-publish","format-standard","has-post-thumbnail","hentry","category-neuigkeiten","category-6","description-off"],"_links":{"self":[{"href":"https:\/\/fair-rhein.de\/geldern\/wp-json\/wp\/v2\/posts\/2092","targetHints":{"allow":["GET"]}}],"collection":[{"href":"https:\/\/fair-rhein.de\/geldern\/wp-json\/wp\/v2\/posts"}],"about":[{"href":"https:\/\/fair-rhein.de\/geldern\/wp-json\/wp\/v2\/types\/post"}],"author":[{"embeddable":true,"href":"https:\/\/fair-rhein.de\/geldern\/wp-json\/wp\/v2\/users\/25"}],"replies":[{"embeddable":true,"href":"https:\/\/fair-rhein.de\/geldern\/wp-json\/wp\/v2\/comments?post=2092"}],"version-history":[{"count":6,"href":"https:\/\/fair-rhein.de\/geldern\/wp-json\/wp\/v2\/posts\/2092\/revisions"}],"predecessor-version":[{"id":2100,"href":"https:\/\/fair-rhein.de\/geldern\/wp-json\/wp\/v2\/posts\/2092\/revisions\/2100"}],"wp:featuredmedia":[{"embeddable":true,"href":"https:\/\/fair-rhein.de\/geldern\/wp-json\/wp\/v2\/media\/2093"}],"wp:attachment":[{"href":"https:\/\/fair-rhein.de\/geldern\/wp-json\/wp\/v2\/media?parent=2092"}],"wp:term":[{"taxonomy":"category","embeddable":true,"href":"https:\/\/fair-rhein.de\/geldern\/wp-json\/wp\/v2\/categories?post=2092"},{"taxonomy":"post_tag","embeddable":true,"href":"https:\/\/fair-rhein.de\/geldern\/wp-json\/wp\/v2\/tags?post=2092"}],"curies":[{"name":"wp","href":"https:\/\/api.w.org\/{rel}","templated":true}]}}