{"id":2650,"date":"2023-08-28T20:49:05","date_gmt":"2023-08-28T18:49:05","guid":{"rendered":"https:\/\/fair-rhein.de\/geldern\/?p=2650"},"modified":"2023-08-28T20:49:05","modified_gmt":"2023-08-28T18:49:05","slug":"weltladenstand-auf-der-landart","status":"publish","type":"post","link":"https:\/\/fair-rhein.de\/geldern\/weltladenstand-auf-der-landart\/","title":{"rendered":"Weltladenstand auf der &#8222;Landart&#8220;"},"content":{"rendered":"<p><img loading=\"lazy\" decoding=\"async\" class=\"alignnone  wp-image-2651\" src=\"https:\/\/fair-rhein.de\/geldern\/wp-content\/uploads\/sites\/3\/2023\/08\/IMG_2262a-300x225.jpg\" alt=\"\" width=\"395\" height=\"296\" srcset=\"https:\/\/fair-rhein.de\/geldern\/wp-content\/uploads\/sites\/3\/2023\/08\/IMG_2262a-300x225.jpg 300w, https:\/\/fair-rhein.de\/geldern\/wp-content\/uploads\/sites\/3\/2023\/08\/IMG_2262a-1024x768.jpg 1024w, https:\/\/fair-rhein.de\/geldern\/wp-content\/uploads\/sites\/3\/2023\/08\/IMG_2262a-768x576.jpg 768w, https:\/\/fair-rhein.de\/geldern\/wp-content\/uploads\/sites\/3\/2023\/08\/IMG_2262a.jpg 1200w\" sizes=\"auto, (max-width: 395px) 100vw, 395px\" \/>\u00a0 <img loading=\"lazy\" decoding=\"async\" class=\"alignnone  wp-image-2653\" src=\"https:\/\/fair-rhein.de\/geldern\/wp-content\/uploads\/sites\/3\/2023\/08\/IMG_20230826_135835a-225x300.jpg\" alt=\"\" width=\"223\" height=\"297\" srcset=\"https:\/\/fair-rhein.de\/geldern\/wp-content\/uploads\/sites\/3\/2023\/08\/IMG_20230826_135835a-225x300.jpg 225w, https:\/\/fair-rhein.de\/geldern\/wp-content\/uploads\/sites\/3\/2023\/08\/IMG_20230826_135835a-768x1024.jpg 768w, https:\/\/fair-rhein.de\/geldern\/wp-content\/uploads\/sites\/3\/2023\/08\/IMG_20230826_135835a.jpg 900w\" sizes=\"auto, (max-width: 223px) 100vw, 223px\" \/><\/p>\n<p>Wie in den vergangenen vier Jahren pr\u00e4sentierte sich der Weltladen auf der &#8222;Landart&#8220;, die die Kreativschmiede Schelbergen auf ihrem Gel\u00e4nde in Achterhoek allj\u00e4hrlich durchf\u00fchrt. Elisabeth und Hubertus Heix bauten den Stand des Weltladens wie immer mit viel Liebe zum Detail auf, um Kunst und Handwerk aus dem globalen S\u00fcden zu pr\u00e4sentieren und zu verkaufen. Trotz des nicht immer best\u00e4ndigen Wetters zeigte sich das Ehepaar zufrieden mit dem Verkauf sowie den vielen intensiven Gespr\u00e4chen, in denen das Thema Fairer Handel im Mittelpunkt stand.<\/p>\n","protected":false},"excerpt":{"rendered":"<p>\u00a0 Wie in den vergangenen vier Jahren pr\u00e4sentierte sich der Weltladen auf der &#8222;Landart&#8220;, die die Kreativschmiede Schelbergen auf ihrem&hellip;<\/p>\n","protected":false},"author":25,"featured_media":2652,"comment_status":"closed","ping_status":"closed","sticky":false,"template":"","format":"standard","meta":{"footnotes":""},"categories":[6],"tags":[],"class_list":["post-2650","post","type-post","status-publish","format-standard","has-post-thumbnail","hentry","category-neuigkeiten","category-6","description-off"],"_links":{"self":[{"href":"https:\/\/fair-rhein.de\/geldern\/wp-json\/wp\/v2\/posts\/2650","targetHints":{"allow":["GET"]}}],"collection":[{"href":"https:\/\/fair-rhein.de\/geldern\/wp-json\/wp\/v2\/posts"}],"about":[{"href":"https:\/\/fair-rhein.de\/geldern\/wp-json\/wp\/v2\/types\/post"}],"author":[{"embeddable":true,"href":"https:\/\/fair-rhein.de\/geldern\/wp-json\/wp\/v2\/users\/25"}],"replies":[{"embeddable":true,"href":"https:\/\/fair-rhein.de\/geldern\/wp-json\/wp\/v2\/comments?post=2650"}],"version-history":[{"count":1,"href":"https:\/\/fair-rhein.de\/geldern\/wp-json\/wp\/v2\/posts\/2650\/revisions"}],"predecessor-version":[{"id":2654,"href":"https:\/\/fair-rhein.de\/geldern\/wp-json\/wp\/v2\/posts\/2650\/revisions\/2654"}],"wp:featuredmedia":[{"embeddable":true,"href":"https:\/\/fair-rhein.de\/geldern\/wp-json\/wp\/v2\/media\/2652"}],"wp:attachment":[{"href":"https:\/\/fair-rhein.de\/geldern\/wp-json\/wp\/v2\/media?parent=2650"}],"wp:term":[{"taxonomy":"category","embeddable":true,"href":"https:\/\/fair-rhein.de\/geldern\/wp-json\/wp\/v2\/categories?post=2650"},{"taxonomy":"post_tag","embeddable":true,"href":"https:\/\/fair-rhein.de\/geldern\/wp-json\/wp\/v2\/tags?post=2650"}],"curies":[{"name":"wp","href":"https:\/\/api.w.org\/{rel}","templated":true}]}}