{"id":2737,"date":"2023-10-17T16:45:32","date_gmt":"2023-10-17T14:45:32","guid":{"rendered":"https:\/\/fair-rhein.de\/geldern\/?p=2737"},"modified":"2023-10-17T16:45:32","modified_gmt":"2023-10-17T14:45:32","slug":"die-sammelaktion-kerzen-und-kerzenwachs-fuer-die-ukraine-geht-weiter","status":"publish","type":"post","link":"https:\/\/fair-rhein.de\/geldern\/die-sammelaktion-kerzen-und-kerzenwachs-fuer-die-ukraine-geht-weiter\/","title":{"rendered":"Die Sammelaktion &#8222;Kerzen und Kerzenwachs f\u00fcr die Ukraine&#8220; geht weiter"},"content":{"rendered":"<p><img loading=\"lazy\" decoding=\"async\" class=\"alignnone  wp-image-2739\" src=\"https:\/\/fair-rhein.de\/geldern\/wp-content\/uploads\/sites\/3\/2023\/10\/Plakat2-Wachsreste-209x300.jpg\" alt=\"\" width=\"299\" height=\"429\" srcset=\"https:\/\/fair-rhein.de\/geldern\/wp-content\/uploads\/sites\/3\/2023\/10\/Plakat2-Wachsreste-209x300.jpg 209w, https:\/\/fair-rhein.de\/geldern\/wp-content\/uploads\/sites\/3\/2023\/10\/Plakat2-Wachsreste.jpg 569w\" sizes=\"auto, (max-width: 299px) 100vw, 299px\" \/><\/p>\n<p>&nbsp;<\/p>\n<h3><strong>Aktion &#8222;B\u00fcchsenlichter&#8220;<\/strong><\/h3>\n<p><strong><u>Kerzen und Kerzenwachsreste f\u00fcr die Ukraine<\/u><\/strong><\/p>\n<p>Die Sammelaktion, die der Weltladen und die Stadt Geldern ins Leben gerufen hat geht weiter. Der bevorstehende Winter in der Ukraine macht die Sammelaktion dringlich, damit die Menschen bei Dunkelheit und Stromausf\u00e4llen B\u00fcchsenlichter als Licht- und W\u00e4rmequelle haben<\/p>\n<p><strong>Wir sammeln weiterhin intakte Kerzen und Kerzenwachsreste jeder Art.<br \/>\n<\/strong><\/p>\n<p>Wichtig:<\/p>\n<ul>\n<li><strong>Intakte Kerzen (werden nicht eingeschmolzen, sondern dienen als Lichtspender)<\/strong><\/li>\n<li><strong>Intakte, <u>NICHT<\/u> angebrannte Grablichter und Teelichte als Lichtspender<\/strong><\/li>\n<li><strong>Wachsreste aller Art (werden eingeschmolzen)<\/strong><\/li>\n<li><strong>Bitte <u>KEIN<\/u> Wachs in Gl\u00e4sern und in Glas- oder Plastikumfassungen<\/strong><\/li>\n<\/ul>\n<p><strong>\u00a0Die Spenden<\/strong><strong> k\u00f6nnen im Weltladen, im Foyer des Rathauses der Stadt Geldern und bei Familie Heix in Veert, Am Neray 40, abgegeben werden (einfach vor die Garage stellen).<\/strong><\/p>\n<p><strong>Danke f\u00fcr Ihre Unterst\u00fctzung!<\/strong><\/p>\n<p><strong>Eine Welt Verein &amp; Fairtrade-Stadt Geldern<\/strong><\/p>\n","protected":false},"excerpt":{"rendered":"<p>&nbsp; Aktion &#8222;B\u00fcchsenlichter&#8220; Kerzen und Kerzenwachsreste f\u00fcr die Ukraine Die Sammelaktion, die der Weltladen und die Stadt Geldern ins Leben&hellip;<\/p>\n","protected":false},"author":25,"featured_media":2738,"comment_status":"closed","ping_status":"closed","sticky":false,"template":"","format":"standard","meta":{"footnotes":""},"categories":[6],"tags":[],"class_list":["post-2737","post","type-post","status-publish","format-standard","has-post-thumbnail","hentry","category-neuigkeiten","category-6","description-off"],"_links":{"self":[{"href":"https:\/\/fair-rhein.de\/geldern\/wp-json\/wp\/v2\/posts\/2737","targetHints":{"allow":["GET"]}}],"collection":[{"href":"https:\/\/fair-rhein.de\/geldern\/wp-json\/wp\/v2\/posts"}],"about":[{"href":"https:\/\/fair-rhein.de\/geldern\/wp-json\/wp\/v2\/types\/post"}],"author":[{"embeddable":true,"href":"https:\/\/fair-rhein.de\/geldern\/wp-json\/wp\/v2\/users\/25"}],"replies":[{"embeddable":true,"href":"https:\/\/fair-rhein.de\/geldern\/wp-json\/wp\/v2\/comments?post=2737"}],"version-history":[{"count":1,"href":"https:\/\/fair-rhein.de\/geldern\/wp-json\/wp\/v2\/posts\/2737\/revisions"}],"predecessor-version":[{"id":2740,"href":"https:\/\/fair-rhein.de\/geldern\/wp-json\/wp\/v2\/posts\/2737\/revisions\/2740"}],"wp:featuredmedia":[{"embeddable":true,"href":"https:\/\/fair-rhein.de\/geldern\/wp-json\/wp\/v2\/media\/2738"}],"wp:attachment":[{"href":"https:\/\/fair-rhein.de\/geldern\/wp-json\/wp\/v2\/media?parent=2737"}],"wp:term":[{"taxonomy":"category","embeddable":true,"href":"https:\/\/fair-rhein.de\/geldern\/wp-json\/wp\/v2\/categories?post=2737"},{"taxonomy":"post_tag","embeddable":true,"href":"https:\/\/fair-rhein.de\/geldern\/wp-json\/wp\/v2\/tags?post=2737"}],"curies":[{"name":"wp","href":"https:\/\/api.w.org\/{rel}","templated":true}]}}