{"id":2789,"date":"2023-12-05T10:59:59","date_gmt":"2023-12-05T09:59:59","guid":{"rendered":"https:\/\/fair-rhein.de\/geldern\/?p=2789"},"modified":"2023-12-05T11:01:23","modified_gmt":"2023-12-05T10:01:23","slug":"fair-in-den-advent","status":"publish","type":"post","link":"https:\/\/fair-rhein.de\/geldern\/fair-in-den-advent\/","title":{"rendered":"&#8222;Fair in den Advent&#8220;"},"content":{"rendered":"<h2>Besondere Aktion\u00a0 der Liebfrauenschule \u2013 Berufskolleg des Bistums M\u00fcnster<\/h2>\n<p><img loading=\"lazy\" decoding=\"async\" class=\"alignnone wp-image-2799\" src=\"https:\/\/fair-rhein.de\/geldern\/wp-content\/uploads\/sites\/3\/2023\/12\/IMG-20231204-WA0010-294x300.jpg\" alt=\"\" width=\"240\" height=\"245\" srcset=\"https:\/\/fair-rhein.de\/geldern\/wp-content\/uploads\/sites\/3\/2023\/12\/IMG-20231204-WA0010-294x300.jpg 294w, https:\/\/fair-rhein.de\/geldern\/wp-content\/uploads\/sites\/3\/2023\/12\/IMG-20231204-WA0010-768x784.jpg 768w, https:\/\/fair-rhein.de\/geldern\/wp-content\/uploads\/sites\/3\/2023\/12\/IMG-20231204-WA0010.jpg 1003w\" sizes=\"auto, (max-width: 240px) 100vw, 240px\" \/>\u00a0 <img loading=\"lazy\" decoding=\"async\" class=\"alignnone wp-image-2796\" src=\"https:\/\/fair-rhein.de\/geldern\/wp-content\/uploads\/sites\/3\/2023\/12\/IMG-20231204-WA0008-261x300.jpg\" alt=\"\" width=\"212\" height=\"244\" srcset=\"https:\/\/fair-rhein.de\/geldern\/wp-content\/uploads\/sites\/3\/2023\/12\/IMG-20231204-WA0008-261x300.jpg 261w, https:\/\/fair-rhein.de\/geldern\/wp-content\/uploads\/sites\/3\/2023\/12\/IMG-20231204-WA0008-768x884.jpg 768w, https:\/\/fair-rhein.de\/geldern\/wp-content\/uploads\/sites\/3\/2023\/12\/IMG-20231204-WA0008.jpg 888w\" sizes=\"auto, (max-width: 212px) 100vw, 212px\" \/>\u00a0 <img loading=\"lazy\" decoding=\"async\" class=\"alignnone wp-image-2795\" src=\"https:\/\/fair-rhein.de\/geldern\/wp-content\/uploads\/sites\/3\/2023\/12\/IMG-20231204-WA0007-252x300.jpg\" alt=\"\" width=\"206\" height=\"245\" srcset=\"https:\/\/fair-rhein.de\/geldern\/wp-content\/uploads\/sites\/3\/2023\/12\/IMG-20231204-WA0007-252x300.jpg 252w, https:\/\/fair-rhein.de\/geldern\/wp-content\/uploads\/sites\/3\/2023\/12\/IMG-20231204-WA0007-768x916.jpg 768w, https:\/\/fair-rhein.de\/geldern\/wp-content\/uploads\/sites\/3\/2023\/12\/IMG-20231204-WA0007.jpg 859w\" sizes=\"auto, (max-width: 206px) 100vw, 206px\" \/><\/p>\n<p>Das<strong> LFS-BK des Bistums M\u00fcnster<\/strong> ist seit September Fairtrade-School. Diese Auszeichung ist Ansporn, im Schulalltag nicht nur im Unterricht das Thema Fairtrade zu behandeln, sondern auch durch besondere Aktionen zu untermauern.<\/p>\n<p>So wurde die erste Adventwoche unter dem <strong>Motto &#8222;Fair in den Adevnt<\/strong>&#8220; gestaltet, um allen Sch\u00fclerinnen und Sch\u00fclern gerade in der jetzt beginnenden Zeit des Konsums die globale Verantwortung f\u00fcr den Weltlhandel durch das Thema Fairtrade ins Bewusstsein zu bringen.<\/p>\n<p>Die Schule hatte sich den <strong>Fairtrade-Point des Weltladens<\/strong> ausgeliehen. In allen Pausen verkauften die Sch\u00fclerinnen und Sch\u00fcler fair gehandelte Produkte aus dem Weltladen Geldern.<\/p>\n<p>Ein sehr sch\u00f6nes Projekt der Fairtrade-School zur Unterst\u00fctzung des fairen Gedankens!<\/p>\n<p><img loading=\"lazy\" decoding=\"async\" class=\"alignnone size-medium wp-image-2792\" src=\"https:\/\/fair-rhein.de\/geldern\/wp-content\/uploads\/sites\/3\/2023\/12\/IMG-20231204-WA0004-225x300.jpg\" alt=\"\" width=\"225\" height=\"300\" srcset=\"https:\/\/fair-rhein.de\/geldern\/wp-content\/uploads\/sites\/3\/2023\/12\/IMG-20231204-WA0004-225x300.jpg 225w, https:\/\/fair-rhein.de\/geldern\/wp-content\/uploads\/sites\/3\/2023\/12\/IMG-20231204-WA0004.jpg 768w\" sizes=\"auto, (max-width: 225px) 100vw, 225px\" \/>\u00a0 <img loading=\"lazy\" decoding=\"async\" class=\"alignnone size-medium wp-image-2793\" src=\"https:\/\/fair-rhein.de\/geldern\/wp-content\/uploads\/sites\/3\/2023\/12\/IMG-20231204-WA0005-225x300.jpg\" alt=\"\" width=\"225\" height=\"300\" srcset=\"https:\/\/fair-rhein.de\/geldern\/wp-content\/uploads\/sites\/3\/2023\/12\/IMG-20231204-WA0005-225x300.jpg 225w, https:\/\/fair-rhein.de\/geldern\/wp-content\/uploads\/sites\/3\/2023\/12\/IMG-20231204-WA0005.jpg 768w\" sizes=\"auto, (max-width: 225px) 100vw, 225px\" \/>\u00a0 <img loading=\"lazy\" decoding=\"async\" class=\"alignnone size-medium wp-image-2790\" src=\"https:\/\/fair-rhein.de\/geldern\/wp-content\/uploads\/sites\/3\/2023\/12\/IMG-20231204-WA0003-225x300.jpg\" alt=\"\" width=\"225\" height=\"300\" srcset=\"https:\/\/fair-rhein.de\/geldern\/wp-content\/uploads\/sites\/3\/2023\/12\/IMG-20231204-WA0003-225x300.jpg 225w, https:\/\/fair-rhein.de\/geldern\/wp-content\/uploads\/sites\/3\/2023\/12\/IMG-20231204-WA0003.jpg 768w\" sizes=\"auto, (max-width: 225px) 100vw, 225px\" \/><\/p>\n","protected":false},"excerpt":{"rendered":"<p>Besondere Aktion\u00a0 der Liebfrauenschule \u2013 Berufskolleg des Bistums M\u00fcnster \u00a0 \u00a0 Das LFS-BK des Bistums M\u00fcnster ist seit September Fairtrade-School.&hellip;<\/p>\n","protected":false},"author":25,"featured_media":2791,"comment_status":"closed","ping_status":"closed","sticky":false,"template":"","format":"standard","meta":{"footnotes":""},"categories":[6],"tags":[],"class_list":["post-2789","post","type-post","status-publish","format-standard","has-post-thumbnail","hentry","category-neuigkeiten","category-6","description-off"],"_links":{"self":[{"href":"https:\/\/fair-rhein.de\/geldern\/wp-json\/wp\/v2\/posts\/2789","targetHints":{"allow":["GET"]}}],"collection":[{"href":"https:\/\/fair-rhein.de\/geldern\/wp-json\/wp\/v2\/posts"}],"about":[{"href":"https:\/\/fair-rhein.de\/geldern\/wp-json\/wp\/v2\/types\/post"}],"author":[{"embeddable":true,"href":"https:\/\/fair-rhein.de\/geldern\/wp-json\/wp\/v2\/users\/25"}],"replies":[{"embeddable":true,"href":"https:\/\/fair-rhein.de\/geldern\/wp-json\/wp\/v2\/comments?post=2789"}],"version-history":[{"count":1,"href":"https:\/\/fair-rhein.de\/geldern\/wp-json\/wp\/v2\/posts\/2789\/revisions"}],"predecessor-version":[{"id":2801,"href":"https:\/\/fair-rhein.de\/geldern\/wp-json\/wp\/v2\/posts\/2789\/revisions\/2801"}],"wp:featuredmedia":[{"embeddable":true,"href":"https:\/\/fair-rhein.de\/geldern\/wp-json\/wp\/v2\/media\/2791"}],"wp:attachment":[{"href":"https:\/\/fair-rhein.de\/geldern\/wp-json\/wp\/v2\/media?parent=2789"}],"wp:term":[{"taxonomy":"category","embeddable":true,"href":"https:\/\/fair-rhein.de\/geldern\/wp-json\/wp\/v2\/categories?post=2789"},{"taxonomy":"post_tag","embeddable":true,"href":"https:\/\/fair-rhein.de\/geldern\/wp-json\/wp\/v2\/tags?post=2789"}],"curies":[{"name":"wp","href":"https:\/\/api.w.org\/{rel}","templated":true}]}}