{"id":2859,"date":"2024-02-08T18:00:20","date_gmt":"2024-02-08T17:00:20","guid":{"rendered":"https:\/\/fair-rhein.de\/geldern\/?p=2859"},"modified":"2024-02-08T18:23:39","modified_gmt":"2024-02-08T17:23:39","slug":"hartefelder-pfadfinder-zu-besuch-im-weltladen","status":"publish","type":"post","link":"https:\/\/fair-rhein.de\/geldern\/hartefelder-pfadfinder-zu-besuch-im-weltladen\/","title":{"rendered":"Hartefelder Pfadfinder zu Besuch im Weltladen"},"content":{"rendered":"<p>Die Leiterrunde der Pfadfinder Hartefeld hat den Weltladen besucht. Hedwig Gerads und Hubertus Heix informierten die interessierten jungen Menschen \u00fcber die Struktur und Aufgaben des Weltladens sowie die Zielsetzung des Eine-Welt-Vereins. Da die Pfadfinder inzwischen auch Unterst\u00fctzer der Fairtrade-Stadt Geldern sind, erfuhren sie auch Wissenswertes \u00fcber die Fairtrade-Bewegung und bekamen Ideen, den Fairtrade-Gedanken durch besondere Aktionen innerhalb ihres Stammes, zu denen viele Jungen und M\u00e4dchen im Schulalter geh\u00f6ren, zu f\u00f6rdern.<br \/>\nDie Mitarbeiter*innen des Weltladens haben es sich zur Aufgabe gemacht, nicht nur f\u00fcr den Verkauf von fairen Produkten zu sorgen, sondern auch die junge Generation, wie hier die Pfadfinder aus Hartefeld, mit dem Fairtrade-Gedanken vertraut zu machen, damit sie sich in der Welt von morgen f\u00fcr mehr Gerechtigkeit einsetzt.<\/p>\n","protected":false},"excerpt":{"rendered":"<p>Die Leiterrunde der Pfadfinder Hartefeld hat den Weltladen besucht. Hedwig Gerads und Hubertus Heix informierten die interessierten jungen Menschen \u00fcber&hellip;<\/p>\n","protected":false},"author":25,"featured_media":2860,"comment_status":"closed","ping_status":"closed","sticky":false,"template":"","format":"standard","meta":{"footnotes":""},"categories":[6],"tags":[],"class_list":["post-2859","post","type-post","status-publish","format-standard","has-post-thumbnail","hentry","category-neuigkeiten","category-6","description-off"],"_links":{"self":[{"href":"https:\/\/fair-rhein.de\/geldern\/wp-json\/wp\/v2\/posts\/2859","targetHints":{"allow":["GET"]}}],"collection":[{"href":"https:\/\/fair-rhein.de\/geldern\/wp-json\/wp\/v2\/posts"}],"about":[{"href":"https:\/\/fair-rhein.de\/geldern\/wp-json\/wp\/v2\/types\/post"}],"author":[{"embeddable":true,"href":"https:\/\/fair-rhein.de\/geldern\/wp-json\/wp\/v2\/users\/25"}],"replies":[{"embeddable":true,"href":"https:\/\/fair-rhein.de\/geldern\/wp-json\/wp\/v2\/comments?post=2859"}],"version-history":[{"count":2,"href":"https:\/\/fair-rhein.de\/geldern\/wp-json\/wp\/v2\/posts\/2859\/revisions"}],"predecessor-version":[{"id":2862,"href":"https:\/\/fair-rhein.de\/geldern\/wp-json\/wp\/v2\/posts\/2859\/revisions\/2862"}],"wp:featuredmedia":[{"embeddable":true,"href":"https:\/\/fair-rhein.de\/geldern\/wp-json\/wp\/v2\/media\/2860"}],"wp:attachment":[{"href":"https:\/\/fair-rhein.de\/geldern\/wp-json\/wp\/v2\/media?parent=2859"}],"wp:term":[{"taxonomy":"category","embeddable":true,"href":"https:\/\/fair-rhein.de\/geldern\/wp-json\/wp\/v2\/categories?post=2859"},{"taxonomy":"post_tag","embeddable":true,"href":"https:\/\/fair-rhein.de\/geldern\/wp-json\/wp\/v2\/tags?post=2859"}],"curies":[{"name":"wp","href":"https:\/\/api.w.org\/{rel}","templated":true}]}}