{"id":2962,"date":"2024-05-15T07:59:20","date_gmt":"2024-05-15T05:59:20","guid":{"rendered":"https:\/\/fair-rhein.de\/geldern\/?p=2962"},"modified":"2024-05-15T07:59:20","modified_gmt":"2024-05-15T05:59:20","slug":"online-workshop-einfuehrung-in-den-fairen-handel","status":"publish","type":"post","link":"https:\/\/fair-rhein.de\/geldern\/online-workshop-einfuehrung-in-den-fairen-handel\/","title":{"rendered":"Online-Workshop: Einf\u00fchrung in den fairen Handel"},"content":{"rendered":"<p>Judith Klingen von Fair|rhein bietet einen Workshop an f\u00fcr alle am Fairen Handel Interessierte.. Hier ihre Mail:<\/p>\n<p>&nbsp;<\/p>\n<p><strong>Liebe Weltl\u00e4den,<\/strong><\/p>\n<p>am n\u00e4chsten Donnerstag biete ich wieder den digitalen Einf\u00fchrungs-Workshop zum Fairen Handel an. <strong>Leitet die Einladung gern im Team weiter &#8211; es sind noch einige Pl\u00e4tze frei. <\/strong><\/p>\n<p>Viele Gr\u00fc\u00dfe<br \/>\nJudith<\/p>\n<p>&#8212;&#8212;&#8211;<\/p>\n<p><strong>Donnerstag, 23.05.2023 | 18-19.30 Uhr <\/strong><\/p>\n<h2><strong>Online-Workshop: Einf\u00fchrung in den Fairen Handel<\/strong><\/h2>\n<p>Bei diesem Workshop gibt es einen kompakten \u00dcberblick: Wir schauen uns an, was Fairer Handel genau leistet und welche Rolle Weltl\u00e4den dabei spielen. Ich stelle euch die unterschiedlichen Zeichen und Siegel schrittweise vor und wir diskutieren gemeinsam \u00fcber die Unterschiede zwischen Fairem Handel im Weltladen und gesiegelten Produkten im Supermarkt.<\/p>\n<p>Der Workshop richtet sich an alle Mitarbeiter*innen in Weltl\u00e4den und Fair-Handels-Gruppen am Niederrhein und westl. Ruhrgebiet &#8211; egal ob ihr schon lange dabei seid, oder ganz frisch angefangen habt.<br \/>\n<strong>Kostenlose Anmeldung bis zum 20. Mai unter: <a href=\"https:\/\/eveeno.com\/fairer-handel\">https:\/\/eveeno.com\/fairer-handel<\/a><\/strong><\/p>\n<p>&nbsp;<\/p>\n<p>&#8212;&#8212;&#8212;&#8212;&#8212;&#8212;&#8212;&#8212;&#8212;&#8212;&#8212;&#8212;&#8212;&#8212;&#8212;&#8212;&#8212;&#8212;&#8212;&#8212;&#8212;&#8212;&#8212;&#8212;&#8212;&#8212;&#8212;&#8212;&#8212;&#8212;&#8211;<br \/>\n<strong>Judith Klingen<\/strong><\/p>\n<p>Fair-Handels-Beraterin f\u00fcr den Niederrhein und das westl. Ruhrgebiet<br \/>\nSchulstra\u00dfe 141 | 47475 Kamp-Lintfort<\/p>\n<p>tel.: 0163. 73 63 69 3<br \/>\nmail: <a href=\"mailto:judith.klingen@fair-rhein.de\">judith.klingen@fair-rhein.de<\/a><br \/>\nweb: <a href=\"http:\/\/www.fair-rhein.de\">www.fair-rhein.de<\/a><\/p>\n<p><strong>fair|rhein &#8211; Netzwerk f\u00fcr Fairen Handel und Nachhaltigkeit<\/strong><br \/>\nVerein zur F\u00f6rderung des fairen Handel(n)s am Niederrhein e.V.<\/p>\n","protected":false},"excerpt":{"rendered":"<p>Judith Klingen von Fair|rhein bietet einen Workshop an f\u00fcr alle am Fairen Handel Interessierte.. Hier ihre Mail: &nbsp; Liebe Weltl\u00e4den,&hellip;<\/p>\n","protected":false},"author":25,"featured_media":2909,"comment_status":"closed","ping_status":"closed","sticky":false,"template":"","format":"standard","meta":{"footnotes":""},"categories":[6],"tags":[],"class_list":["post-2962","post","type-post","status-publish","format-standard","has-post-thumbnail","hentry","category-neuigkeiten","category-6","description-off"],"_links":{"self":[{"href":"https:\/\/fair-rhein.de\/geldern\/wp-json\/wp\/v2\/posts\/2962","targetHints":{"allow":["GET"]}}],"collection":[{"href":"https:\/\/fair-rhein.de\/geldern\/wp-json\/wp\/v2\/posts"}],"about":[{"href":"https:\/\/fair-rhein.de\/geldern\/wp-json\/wp\/v2\/types\/post"}],"author":[{"embeddable":true,"href":"https:\/\/fair-rhein.de\/geldern\/wp-json\/wp\/v2\/users\/25"}],"replies":[{"embeddable":true,"href":"https:\/\/fair-rhein.de\/geldern\/wp-json\/wp\/v2\/comments?post=2962"}],"version-history":[{"count":2,"href":"https:\/\/fair-rhein.de\/geldern\/wp-json\/wp\/v2\/posts\/2962\/revisions"}],"predecessor-version":[{"id":2964,"href":"https:\/\/fair-rhein.de\/geldern\/wp-json\/wp\/v2\/posts\/2962\/revisions\/2964"}],"wp:featuredmedia":[{"embeddable":true,"href":"https:\/\/fair-rhein.de\/geldern\/wp-json\/wp\/v2\/media\/2909"}],"wp:attachment":[{"href":"https:\/\/fair-rhein.de\/geldern\/wp-json\/wp\/v2\/media?parent=2962"}],"wp:term":[{"taxonomy":"category","embeddable":true,"href":"https:\/\/fair-rhein.de\/geldern\/wp-json\/wp\/v2\/categories?post=2962"},{"taxonomy":"post_tag","embeddable":true,"href":"https:\/\/fair-rhein.de\/geldern\/wp-json\/wp\/v2\/tags?post=2962"}],"curies":[{"name":"wp","href":"https:\/\/api.w.org\/{rel}","templated":true}]}}