{"id":3430,"date":"2026-04-25T11:45:47","date_gmt":"2026-04-25T09:45:47","guid":{"rendered":"https:\/\/fair-rhein.de\/geldern\/?p=3430"},"modified":"2026-04-27T07:42:12","modified_gmt":"2026-04-27T05:42:12","slug":"hochinteressanter-einblick-in-das-projekt-turma-do-flau-in-recife-brasilien","status":"publish","type":"post","link":"https:\/\/fair-rhein.de\/geldern\/hochinteressanter-einblick-in-das-projekt-turma-do-flau-in-recife-brasilien\/","title":{"rendered":"Hochinteressanter Einblick in das Projekt \u201eTurma do Flau\u201c in Recife (Brasilien)"},"content":{"rendered":"<p><img loading=\"lazy\" decoding=\"async\" class=\" wp-image-3435\" src=\"https:\/\/fair-rhein.de\/geldern\/wp-content\/uploads\/sites\/3\/2026\/04\/IMG20260424185814a-300x169.jpg\" alt=\"\" width=\"390\" height=\"220\" srcset=\"https:\/\/fair-rhein.de\/geldern\/wp-content\/uploads\/sites\/3\/2026\/04\/IMG20260424185814a-300x169.jpg 300w, https:\/\/fair-rhein.de\/geldern\/wp-content\/uploads\/sites\/3\/2026\/04\/IMG20260424185814a-1024x576.jpg 1024w, https:\/\/fair-rhein.de\/geldern\/wp-content\/uploads\/sites\/3\/2026\/04\/IMG20260424185814a-768x432.jpg 768w, https:\/\/fair-rhein.de\/geldern\/wp-content\/uploads\/sites\/3\/2026\/04\/IMG20260424185814a.jpg 1200w\" sizes=\"auto, (max-width: 390px) 100vw, 390px\" \/> \u00a0<img loading=\"lazy\" decoding=\"async\" class=\" wp-image-3436\" src=\"https:\/\/fair-rhein.de\/geldern\/wp-content\/uploads\/sites\/3\/2026\/04\/IMG20260424190641a-300x169.jpg\" alt=\"\" width=\"384\" height=\"217\" srcset=\"https:\/\/fair-rhein.de\/geldern\/wp-content\/uploads\/sites\/3\/2026\/04\/IMG20260424190641a-300x169.jpg 300w, https:\/\/fair-rhein.de\/geldern\/wp-content\/uploads\/sites\/3\/2026\/04\/IMG20260424190641a-1024x576.jpg 1024w, https:\/\/fair-rhein.de\/geldern\/wp-content\/uploads\/sites\/3\/2026\/04\/IMG20260424190641a-768x432.jpg 768w, https:\/\/fair-rhein.de\/geldern\/wp-content\/uploads\/sites\/3\/2026\/04\/IMG20260424190641a.jpg 1200w\" sizes=\"auto, (max-width: 384px) 100vw, 384px\" \/><\/p>\n<p><img loading=\"lazy\" decoding=\"async\" class=\"alignnone wp-image-3431\" src=\"https:\/\/fair-rhein.de\/geldern\/wp-content\/uploads\/sites\/3\/2026\/04\/IMG_6807-300x225.jpeg\" alt=\"\" width=\"378\" height=\"284\" srcset=\"https:\/\/fair-rhein.de\/geldern\/wp-content\/uploads\/sites\/3\/2026\/04\/IMG_6807-300x225.jpeg 300w, https:\/\/fair-rhein.de\/geldern\/wp-content\/uploads\/sites\/3\/2026\/04\/IMG_6807-1024x768.jpeg 1024w, https:\/\/fair-rhein.de\/geldern\/wp-content\/uploads\/sites\/3\/2026\/04\/IMG_6807-768x576.jpeg 768w, https:\/\/fair-rhein.de\/geldern\/wp-content\/uploads\/sites\/3\/2026\/04\/IMG_6807-1536x1152.jpeg 1536w, https:\/\/fair-rhein.de\/geldern\/wp-content\/uploads\/sites\/3\/2026\/04\/IMG_6807.jpeg 2016w\" sizes=\"auto, (max-width: 378px) 100vw, 378px\" \/> \u00a0<img loading=\"lazy\" decoding=\"async\" class=\"alignnone wp-image-3444\" src=\"https:\/\/fair-rhein.de\/geldern\/wp-content\/uploads\/sites\/3\/2026\/04\/IMG_6808-300x225.jpeg\" alt=\"\" width=\"376\" height=\"282\" srcset=\"https:\/\/fair-rhein.de\/geldern\/wp-content\/uploads\/sites\/3\/2026\/04\/IMG_6808-300x225.jpeg 300w, https:\/\/fair-rhein.de\/geldern\/wp-content\/uploads\/sites\/3\/2026\/04\/IMG_6808-1024x768.jpeg 1024w, https:\/\/fair-rhein.de\/geldern\/wp-content\/uploads\/sites\/3\/2026\/04\/IMG_6808-768x576.jpeg 768w, https:\/\/fair-rhein.de\/geldern\/wp-content\/uploads\/sites\/3\/2026\/04\/IMG_6808-1536x1152.jpeg 1536w, https:\/\/fair-rhein.de\/geldern\/wp-content\/uploads\/sites\/3\/2026\/04\/IMG_6808.jpeg 2016w\" sizes=\"auto, (max-width: 376px) 100vw, 376px\" \/><\/p>\n<p><img loading=\"lazy\" decoding=\"async\" class=\"alignnone wp-image-3433\" src=\"https:\/\/fair-rhein.de\/geldern\/wp-content\/uploads\/sites\/3\/2026\/04\/IMG_6818-300x225.jpeg\" alt=\"\" width=\"391\" height=\"293\" srcset=\"https:\/\/fair-rhein.de\/geldern\/wp-content\/uploads\/sites\/3\/2026\/04\/IMG_6818-300x225.jpeg 300w, https:\/\/fair-rhein.de\/geldern\/wp-content\/uploads\/sites\/3\/2026\/04\/IMG_6818-1024x768.jpeg 1024w, https:\/\/fair-rhein.de\/geldern\/wp-content\/uploads\/sites\/3\/2026\/04\/IMG_6818-768x576.jpeg 768w, https:\/\/fair-rhein.de\/geldern\/wp-content\/uploads\/sites\/3\/2026\/04\/IMG_6818-1536x1152.jpeg 1536w, https:\/\/fair-rhein.de\/geldern\/wp-content\/uploads\/sites\/3\/2026\/04\/IMG_6818.jpeg 2016w\" sizes=\"auto, (max-width: 391px) 100vw, 391px\" \/> \u00a0\u00a0<img loading=\"lazy\" decoding=\"async\" class=\"alignnone wp-image-3432\" src=\"https:\/\/fair-rhein.de\/geldern\/wp-content\/uploads\/sites\/3\/2026\/04\/IMG_6809-300x225.jpeg\" alt=\"\" width=\"388\" height=\"291\" srcset=\"https:\/\/fair-rhein.de\/geldern\/wp-content\/uploads\/sites\/3\/2026\/04\/IMG_6809-300x225.jpeg 300w, https:\/\/fair-rhein.de\/geldern\/wp-content\/uploads\/sites\/3\/2026\/04\/IMG_6809-1024x768.jpeg 1024w, https:\/\/fair-rhein.de\/geldern\/wp-content\/uploads\/sites\/3\/2026\/04\/IMG_6809-768x576.jpeg 768w, https:\/\/fair-rhein.de\/geldern\/wp-content\/uploads\/sites\/3\/2026\/04\/IMG_6809-1536x1152.jpeg 1536w, https:\/\/fair-rhein.de\/geldern\/wp-content\/uploads\/sites\/3\/2026\/04\/IMG_6809.jpeg 2016w\" sizes=\"auto, (max-width: 388px) 100vw, 388px\" \/><\/p>\n<p>Schwester Denise, Koordinatorin des Projektes und Pr\u00e4sidentin der Dachorgansiation SoliVida (Solidarit\u00e4t und Leben), war zu Besuch des Eine-Welt-Vereins in Geldern. Verein und Weltladen unterst\u00fctzen das von Schwester Aurieta (heute 87 Jahre!) 1982 ins Leben gerufene Projekt mit regelm\u00e4\u00dfigen Spenden von Anfang an.<\/p>\n<p>Das unter dem \u201eAktionskreis Pater Beda f\u00fcr Entwicklungsarbeit e.V.\u201c gef\u00fchrte Projekt Turma do Flau engagiert sich in der Kinder- und Jugendarbeit in einem Stadtteil von Recife, der gepr\u00e4gt ist von gro\u00dfer \u00a0Armut, hoher Bev\u00f6lkerungsdichte und Kriminalit\u00e4t und der Bedrohung von Investoren und Drogenbossen, die dieses Gebiet unter ihre Kontrolle bekommen wollen.<\/p>\n<p>Schwester Denise, von Beginn des Projektes dabei, gab im Pfarrheim von MM einen hochinteressanten Einblick in Struktur, Organisation und praktischer Arbeit mit 100 Kindern und Jugendlichen (6-17 Jahre) in dem Bildungszentrum, das sich zur Aufgabe gemacht hat, benachteiligte Kinder und Jugendliche zu st\u00e4rken und zu f\u00f6rdern. Turma do Flau bietet eine Plattform und einen Schutzraum f\u00fcr Kinder, die von Hunger, Armut, Ausgrenzung, Rassismus, Gewalt und Missbrauch, Kriminalit\u00e4t und Perspektivlosigkeit betroffen sind.<br \/>\nDer Anfang des Projektes war 1982 die Produktion und der Verkauf von Eis am Stiel, mit dem sich die Kinder etwas Geld verdienen konnten. Inzwischen steht die Bildung und F\u00f6rderung der Kinder zu einem selbstbestimmten Leben im Mittelpunkt. Lernen f\u00fcr Leben und die Sch\u00f6pfung steht im Vordergrund.<br \/>\nSo gibt es einen Garten au\u00dferhalb der Stadt zur Bewirtschaftung (Gem\u00fcseanbau). Die Kinder lernen im Kontakt mit der Natur die Lebensmittel f\u00fcr den t\u00e4glichen Bedarf kennen und dami die Wertsch\u00e4tzung f\u00fcr die Sch\u00f6pfung.<br \/>\nDie Versorgung (zwei Mahlzeiten pro Tag) wird daneben durch Spenden und auch staatlicherseits bewerkstelligt, indem von l\u00e4ndlichen Erzeugerbetrieben Nahrungsmittel aufgekauft und als \u201eNahrungsbank\u201c zur Verf\u00fcgung gestellt werden. Damit kann zus\u00e4tzlich eine solidarische Suppenk\u00fcche f\u00fcr Bed\u00fcrftige, Gestrandete, Arbeits- und Obdachlose bereit gestellt werden.<br \/>\nBildungsm\u00e4\u00dfig werden die Kinder, die vor- oder nachmittags in die regul\u00e4re Schule gehen, durch Informatik- und Musikunterricht (mit kulturellem Bezug zur Region) gef\u00f6rdert.<br \/>\nWeiterhin f\u00fchrt Turma do Flau Projekte zur Ferienbetreuung, Theaterwerkstatt und Gef\u00e4ngnisarbeit durch.<\/p>\n<p>Als Ziel gilt es f\u00fcr die Kinder und Jugendlichen zu erreichen, dass sie so weit gef\u00fchrt werden, dass sie sich die \u201eZufriedenheit und Freude (trotz ihre schwierigen Biografie) nicht nehmen lassen\u201c.<br \/>\nDer Einsatz f\u00fcr Kinderrechte und die St\u00e4rkung des Selbstwertgef\u00fchls tr\u00e4gt Fr\u00fcchte, weil viele ehemalige Betreute sp\u00e4ter als gestandene M\u00e4nner und Frauen das Projekt umfassend unterst\u00fctzen.<\/p>\n<p>Im Geiste des Gr\u00fcnders des Arbeitskreise Pater Beda arbeitet Turma do Flau mit der heute noch immer unerm\u00fcdliche Schwester Aurieta an der Aufrechterhaltung der Menschenw\u00fcrde jedes Kindes und der Umsetzung des Leitspruchs<strong>: \u201eGerechtigkeit und Gleichheit f\u00fcr alle!\u201c<\/strong><\/p>\n<p>Der Abend mit Schwester Denise und Frauke L\u00f6pmeyer von SoliVida, die die Ausf\u00fchrungen aus dem Portugiesischen \u00fcbersetzte, zeigte deutlich, wie gut und richtig unsere Spendengelder eingesetzt werden.<\/p>\n<p><img loading=\"lazy\" decoding=\"async\" class=\" wp-image-3445\" src=\"https:\/\/fair-rhein.de\/geldern\/wp-content\/uploads\/sites\/3\/2026\/04\/IMG20260424192945a-300x164.jpg\" alt=\"\" width=\"417\" height=\"228\" srcset=\"https:\/\/fair-rhein.de\/geldern\/wp-content\/uploads\/sites\/3\/2026\/04\/IMG20260424192945a-300x164.jpg 300w, https:\/\/fair-rhein.de\/geldern\/wp-content\/uploads\/sites\/3\/2026\/04\/IMG20260424192945a-1024x559.jpg 1024w, https:\/\/fair-rhein.de\/geldern\/wp-content\/uploads\/sites\/3\/2026\/04\/IMG20260424192945a-768x419.jpg 768w, https:\/\/fair-rhein.de\/geldern\/wp-content\/uploads\/sites\/3\/2026\/04\/IMG20260424192945a.jpg 1075w\" sizes=\"auto, (max-width: 417px) 100vw, 417px\" \/><\/p>\n<p><img loading=\"lazy\" decoding=\"async\" class=\" wp-image-3437\" src=\"https:\/\/fair-rhein.de\/geldern\/wp-content\/uploads\/sites\/3\/2026\/04\/IMG20260424205746a-300x169.jpg\" alt=\"\" width=\"417\" height=\"235\" srcset=\"https:\/\/fair-rhein.de\/geldern\/wp-content\/uploads\/sites\/3\/2026\/04\/IMG20260424205746a-300x169.jpg 300w, https:\/\/fair-rhein.de\/geldern\/wp-content\/uploads\/sites\/3\/2026\/04\/IMG20260424205746a-1024x576.jpg 1024w, https:\/\/fair-rhein.de\/geldern\/wp-content\/uploads\/sites\/3\/2026\/04\/IMG20260424205746a-768x432.jpg 768w, https:\/\/fair-rhein.de\/geldern\/wp-content\/uploads\/sites\/3\/2026\/04\/IMG20260424205746a.jpg 1200w\" sizes=\"auto, (max-width: 417px) 100vw, 417px\" \/>\u00a0 \u00a0<img loading=\"lazy\" decoding=\"async\" class=\"alignnone wp-image-3434\" src=\"https:\/\/fair-rhein.de\/geldern\/wp-content\/uploads\/sites\/3\/2026\/04\/IMG_6820a-300x231.jpg\" alt=\"\" width=\"305\" height=\"235\" srcset=\"https:\/\/fair-rhein.de\/geldern\/wp-content\/uploads\/sites\/3\/2026\/04\/IMG_6820a-300x231.jpg 300w, https:\/\/fair-rhein.de\/geldern\/wp-content\/uploads\/sites\/3\/2026\/04\/IMG_6820a-1024x788.jpg 1024w, https:\/\/fair-rhein.de\/geldern\/wp-content\/uploads\/sites\/3\/2026\/04\/IMG_6820a-768x591.jpg 768w, https:\/\/fair-rhein.de\/geldern\/wp-content\/uploads\/sites\/3\/2026\/04\/IMG_6820a.jpg 1200w\" sizes=\"auto, (max-width: 305px) 100vw, 305px\" \/><\/p>\n","protected":false},"excerpt":{"rendered":"<p>\u00a0 \u00a0 \u00a0\u00a0 Schwester Denise, Koordinatorin des Projektes und Pr\u00e4sidentin der Dachorgansiation SoliVida (Solidarit\u00e4t und Leben), war zu Besuch des&hellip;<\/p>\n","protected":false},"author":25,"featured_media":3434,"comment_status":"closed","ping_status":"closed","sticky":false,"template":"","format":"standard","meta":{"footnotes":""},"categories":[6],"tags":[],"class_list":["post-3430","post","type-post","status-publish","format-standard","has-post-thumbnail","hentry","category-neuigkeiten","category-6","description-off"],"_links":{"self":[{"href":"https:\/\/fair-rhein.de\/geldern\/wp-json\/wp\/v2\/posts\/3430","targetHints":{"allow":["GET"]}}],"collection":[{"href":"https:\/\/fair-rhein.de\/geldern\/wp-json\/wp\/v2\/posts"}],"about":[{"href":"https:\/\/fair-rhein.de\/geldern\/wp-json\/wp\/v2\/types\/post"}],"author":[{"embeddable":true,"href":"https:\/\/fair-rhein.de\/geldern\/wp-json\/wp\/v2\/users\/25"}],"replies":[{"embeddable":true,"href":"https:\/\/fair-rhein.de\/geldern\/wp-json\/wp\/v2\/comments?post=3430"}],"version-history":[{"count":9,"href":"https:\/\/fair-rhein.de\/geldern\/wp-json\/wp\/v2\/posts\/3430\/revisions"}],"predecessor-version":[{"id":3448,"href":"https:\/\/fair-rhein.de\/geldern\/wp-json\/wp\/v2\/posts\/3430\/revisions\/3448"}],"wp:featuredmedia":[{"embeddable":true,"href":"https:\/\/fair-rhein.de\/geldern\/wp-json\/wp\/v2\/media\/3434"}],"wp:attachment":[{"href":"https:\/\/fair-rhein.de\/geldern\/wp-json\/wp\/v2\/media?parent=3430"}],"wp:term":[{"taxonomy":"category","embeddable":true,"href":"https:\/\/fair-rhein.de\/geldern\/wp-json\/wp\/v2\/categories?post=3430"},{"taxonomy":"post_tag","embeddable":true,"href":"https:\/\/fair-rhein.de\/geldern\/wp-json\/wp\/v2\/tags?post=3430"}],"curies":[{"name":"wp","href":"https:\/\/api.w.org\/{rel}","templated":true}]}}