{"id":3449,"date":"2026-04-28T09:29:55","date_gmt":"2026-04-28T07:29:55","guid":{"rendered":"https:\/\/fair-rhein.de\/geldern\/?p=3449"},"modified":"2026-04-28T09:34:12","modified_gmt":"2026-04-28T07:34:12","slug":"ankuendigung-weltladentag-im-weltladen-mit-verkostung","status":"publish","type":"post","link":"https:\/\/fair-rhein.de\/geldern\/ankuendigung-weltladentag-im-weltladen-mit-verkostung\/","title":{"rendered":"Ank\u00fcndigung: Weltladentag im Weltladen mit Verkostung"},"content":{"rendered":"<p>GELDERN. Mit dem au\u00dfergew\u00f6hnlichen <strong>Motto \u201eFair fruchtet\u201c<\/strong> nimmt der diesj\u00e4hrige Weltladentag, der zusammen mit dem Internationalen Tag des Fairen Handels immer am zweiten Samstag im Mai stattfindet, verschiedene Fr\u00fcchte in den Blick. Sie stehen f\u00fcr Vielfalt, Genuss und Lebensfreude. Bananen, Orangen, Ananas und Mangos geh\u00f6ren weltweit zu den beliebtesten Fr\u00fcchten. Doch hinter dem, was bei uns wie selbstverst\u00e4ndlich im Einkaufskorb landet, stecken schwierige Arbeitsbedingungen, insbesondere bei den Produzentinnen und Produzenten.<\/p>\n<p>Bekannt ist, dass viele Menschen, die sie anbauen und ernten, niedrige L\u00f6hne erhalten, sie arbeiten befristet oder ohne Vertrag und haben kaum Mitspracherechte. Gro\u00dfe Plantagen internationaler Konzerne bestimmen den Markt, w\u00e4hrend Kleinb\u00e4uerinnen und Kleinbauern mit begrenzten Ressourcen kaum konkurrenzf\u00e4hig sind. Obwohl die Obst- und Fruchtsaftproduktion enorme Gewinne erzielt und j\u00e4hrlich rund 110 Millionen Tonnen Bananen geerntet werden, so der Weltladen Dachverband, bleibt am Anfang der Lieferkette nur ein kleiner Teil des Erl\u00f6ses bei den Produzentinnen und Produzenten. Nicht nur im globalen S\u00fcden, aus dem viele der beliebten Fr\u00fcchte stammen, gibt es ein Ungleichgewicht entlang der Lieferketten von Obst und Gem\u00fcse. Auch in Europa zeigen sich problematische Arbeitsbedingungen.<\/p>\n<p>Doch es geht auch anders. Faire Handelsmodelle zielen darauf, die Wertsch\u00f6pfung entlang der Lieferketten gerechter zu verteilen und menschenw\u00fcrdige Arbeitsbedingungen zu st\u00e4rken. Statt kurzfristigem Preisdruck stehen faire Preise, Transparenz und partnerschaftliche Handelsbeziehungen im Mittelpunkt. Der Weltladen Geldern unterst\u00fctzt seit Jahren in den Wintermonaten durch den Verkauf fairer Bio-Orangen die Initiative SOS Rosarno in S\u00fcdintalien. Die Bauern erhalten faire Preise, die Wanderarbeiter den Mindestlohn und eine Sozialversicherung. Damit wird der Ausbeutung von Erntehelfern in Kalabrien, die oft unter menschenunw\u00fcrdigen Bedingungen leben und arbeiten, entgegengewirkt. <strong>Der Weltladen bietet am <span style=\"color: #ff6600\">Weltladentag, 9. Mai, 10.00 \u2013 13.00 Uhr<\/span> eine besondere Aktion an. Baguette mit fair gehandelter Orangen- und Mangomarmelade k\u00f6nnen ebenso verkostet werden wie Orangensaft und Orangenlimonade. Und zudem wird der \u201eDe Geldersche LandLebenKaffee\u201c aus Nicaragua mit 10-prozentiger Erm\u00e4\u00dfigung angeboten.<\/strong><\/p>\n","protected":false},"excerpt":{"rendered":"<p>GELDERN. Mit dem au\u00dfergew\u00f6hnlichen Motto \u201eFair fruchtet\u201c nimmt der diesj\u00e4hrige Weltladentag, der zusammen mit dem Internationalen Tag des Fairen Handels&hellip;<\/p>\n","protected":false},"author":25,"featured_media":3453,"comment_status":"closed","ping_status":"closed","sticky":false,"template":"","format":"standard","meta":{"footnotes":""},"categories":[6],"tags":[],"class_list":["post-3449","post","type-post","status-publish","format-standard","has-post-thumbnail","hentry","category-neuigkeiten","category-6","description-off"],"_links":{"self":[{"href":"https:\/\/fair-rhein.de\/geldern\/wp-json\/wp\/v2\/posts\/3449","targetHints":{"allow":["GET"]}}],"collection":[{"href":"https:\/\/fair-rhein.de\/geldern\/wp-json\/wp\/v2\/posts"}],"about":[{"href":"https:\/\/fair-rhein.de\/geldern\/wp-json\/wp\/v2\/types\/post"}],"author":[{"embeddable":true,"href":"https:\/\/fair-rhein.de\/geldern\/wp-json\/wp\/v2\/users\/25"}],"replies":[{"embeddable":true,"href":"https:\/\/fair-rhein.de\/geldern\/wp-json\/wp\/v2\/comments?post=3449"}],"version-history":[{"count":3,"href":"https:\/\/fair-rhein.de\/geldern\/wp-json\/wp\/v2\/posts\/3449\/revisions"}],"predecessor-version":[{"id":3454,"href":"https:\/\/fair-rhein.de\/geldern\/wp-json\/wp\/v2\/posts\/3449\/revisions\/3454"}],"wp:featuredmedia":[{"embeddable":true,"href":"https:\/\/fair-rhein.de\/geldern\/wp-json\/wp\/v2\/media\/3453"}],"wp:attachment":[{"href":"https:\/\/fair-rhein.de\/geldern\/wp-json\/wp\/v2\/media?parent=3449"}],"wp:term":[{"taxonomy":"category","embeddable":true,"href":"https:\/\/fair-rhein.de\/geldern\/wp-json\/wp\/v2\/categories?post=3449"},{"taxonomy":"post_tag","embeddable":true,"href":"https:\/\/fair-rhein.de\/geldern\/wp-json\/wp\/v2\/tags?post=3449"}],"curies":[{"name":"wp","href":"https:\/\/api.w.org\/{rel}","templated":true}]}}