{"id":731,"date":"2021-03-02T14:00:04","date_gmt":"2021-03-02T13:00:04","guid":{"rendered":"https:\/\/fair-rhein.de\/hamminkeln\/?p=731"},"modified":"2026-02-10T12:52:52","modified_gmt":"2026-02-10T11:52:52","slug":"weihnachtsmarkt","status":"publish","type":"post","link":"https:\/\/fair-rhein.de\/hamminkeln\/weihnachtsmarkt\/","title":{"rendered":"Saisonale M\u00e4rkte"},"content":{"rendered":"<h3 style=\"text-align: center\"><span style=\"color: #008000\">Fr\u00fchlingsmarkt am 28.03.2026<\/span><\/h3>\n<p><strong>Der Fr\u00fchlingsmarkt bei Kloppert hat Tradition in Hamminkeln: Zum siebten Mal l\u00e4dt er inzwischen ein und bietet karikativen Einrichtungen und lokalen Klein-Produzenten eine M\u00f6glichkeit, ihre Artikel anzubieten. Kindergarten und Pfadfinder sorgen u. a. f\u00fcr das leibliche Wohl. Auch unser Eine-Welt-Laden ist dabei.<\/strong> <strong>Mit farbenfrohen Handwerksartikeln und \u00f6sterlichen Spezialit\u00e4ten wollen wir den Fr\u00fchling begr\u00fc\u00dfen. Wir freuen uns auf Ihren Besuch.<\/strong><\/p>\n<p>&nbsp;<\/p>\n<h3><span style=\"color: #ff6600\">R\u00fcckblick:<\/span><\/h3>\n<h3 style=\"text-align: center\"><span style=\"color: #003300\">Weihnachtsmarkt am Schloss Ringenberg<\/span><\/h3>\n<p><img loading=\"lazy\" decoding=\"async\" class=\"alignnone wp-image-1382\" src=\"https:\/\/fair-rhein.de\/hamminkeln\/wp-content\/uploads\/sites\/10\/2021\/03\/IMG_20251129_173229-225x300.jpg\" alt=\"\" width=\"136\" height=\"181\" srcset=\"https:\/\/fair-rhein.de\/hamminkeln\/wp-content\/uploads\/sites\/10\/2021\/03\/IMG_20251129_173229-225x300.jpg 225w, https:\/\/fair-rhein.de\/hamminkeln\/wp-content\/uploads\/sites\/10\/2021\/03\/IMG_20251129_173229-768x1024.jpg 768w, https:\/\/fair-rhein.de\/hamminkeln\/wp-content\/uploads\/sites\/10\/2021\/03\/IMG_20251129_173229-1152x1536.jpg 1152w, https:\/\/fair-rhein.de\/hamminkeln\/wp-content\/uploads\/sites\/10\/2021\/03\/IMG_20251129_173229-1536x2048.jpg 1536w, https:\/\/fair-rhein.de\/hamminkeln\/wp-content\/uploads\/sites\/10\/2021\/03\/IMG_20251129_173229-scaled.jpg 1920w\" sizes=\"auto, (max-width: 136px) 100vw, 136px\" \/> \u00a0<img loading=\"lazy\" decoding=\"async\" class=\"alignnone wp-image-1383\" src=\"https:\/\/fair-rhein.de\/hamminkeln\/wp-content\/uploads\/sites\/10\/2021\/03\/IMG_20251129_174945-300x225.jpg\" alt=\"\" width=\"240\" height=\"180\" srcset=\"https:\/\/fair-rhein.de\/hamminkeln\/wp-content\/uploads\/sites\/10\/2021\/03\/IMG_20251129_174945-300x225.jpg 300w, https:\/\/fair-rhein.de\/hamminkeln\/wp-content\/uploads\/sites\/10\/2021\/03\/IMG_20251129_174945-1024x768.jpg 1024w, https:\/\/fair-rhein.de\/hamminkeln\/wp-content\/uploads\/sites\/10\/2021\/03\/IMG_20251129_174945-768x576.jpg 768w, https:\/\/fair-rhein.de\/hamminkeln\/wp-content\/uploads\/sites\/10\/2021\/03\/IMG_20251129_174945-1536x1152.jpg 1536w, https:\/\/fair-rhein.de\/hamminkeln\/wp-content\/uploads\/sites\/10\/2021\/03\/IMG_20251129_174945-2048x1536.jpg 2048w\" sizes=\"auto, (max-width: 240px) 100vw, 240px\" \/> \u00a0<img loading=\"lazy\" decoding=\"async\" class=\"alignnone wp-image-1384\" src=\"https:\/\/fair-rhein.de\/hamminkeln\/wp-content\/uploads\/sites\/10\/2021\/03\/IMG_20251129_184036-300x225.jpg\" alt=\"\" width=\"241\" height=\"181\" srcset=\"https:\/\/fair-rhein.de\/hamminkeln\/wp-content\/uploads\/sites\/10\/2021\/03\/IMG_20251129_184036-300x225.jpg 300w, https:\/\/fair-rhein.de\/hamminkeln\/wp-content\/uploads\/sites\/10\/2021\/03\/IMG_20251129_184036-1024x768.jpg 1024w, https:\/\/fair-rhein.de\/hamminkeln\/wp-content\/uploads\/sites\/10\/2021\/03\/IMG_20251129_184036-768x576.jpg 768w, https:\/\/fair-rhein.de\/hamminkeln\/wp-content\/uploads\/sites\/10\/2021\/03\/IMG_20251129_184036-1536x1152.jpg 1536w, https:\/\/fair-rhein.de\/hamminkeln\/wp-content\/uploads\/sites\/10\/2021\/03\/IMG_20251129_184036-2048x1536.jpg 2048w\" sizes=\"auto, (max-width: 241px) 100vw, 241px\" \/> <img loading=\"lazy\" decoding=\"async\" class=\"alignnone wp-image-1385\" src=\"https:\/\/fair-rhein.de\/hamminkeln\/wp-content\/uploads\/sites\/10\/2021\/03\/IMG_20251129_175036-300x225.jpg\" alt=\"\" width=\"241\" height=\"181\" srcset=\"https:\/\/fair-rhein.de\/hamminkeln\/wp-content\/uploads\/sites\/10\/2021\/03\/IMG_20251129_175036-300x225.jpg 300w, https:\/\/fair-rhein.de\/hamminkeln\/wp-content\/uploads\/sites\/10\/2021\/03\/IMG_20251129_175036-1024x768.jpg 1024w, https:\/\/fair-rhein.de\/hamminkeln\/wp-content\/uploads\/sites\/10\/2021\/03\/IMG_20251129_175036-768x576.jpg 768w, https:\/\/fair-rhein.de\/hamminkeln\/wp-content\/uploads\/sites\/10\/2021\/03\/IMG_20251129_175036-1536x1152.jpg 1536w, https:\/\/fair-rhein.de\/hamminkeln\/wp-content\/uploads\/sites\/10\/2021\/03\/IMG_20251129_175036-2048x1536.jpg 2048w\" sizes=\"auto, (max-width: 241px) 100vw, 241px\" \/><\/p>\n<p style=\"text-align: center\">In diesem Jahr stimmte alles: Das Wetter, die stimmungsvolle Atmosph\u00e4re auf dem Schlossgel\u00e4nde und das gro\u00dfe Interesse der vielen Besucherinnen und Besucher. Jetzt freuen wir uns auf das erste Adventswochenende 2026.<\/p>\n<p style=\"text-align: center\"><strong>In eigener Sache:<\/strong><\/p>\n<p style=\"text-align: center\">Da wir alle ehrenamtlich unseren Eine-Welt-Laden betreiben und auch alle immer \u00e4lter werden (wen wundert&#8216; s?), f\u00e4llt es uns von Jahr zu Jahr schwerer, die besonders beim Aufbau unseres Standes k\u00f6rperlichen Anforderungen zu meistern. Deshalb sind wir f\u00fcr jegliche Hilfestellung sehr dankbar.<\/p>\n<p>&nbsp;<\/p>\n<h3 style=\"text-align: center\"><span style=\"color: #003300\">Adventsmarkt bei Kloppert im Brauereihof am 22.11.2025<\/span><\/h3>\n<p style=\"text-align: center\"><span style=\"color: #000000\">Bei strahlendem Sonnenschein und knackiger K\u00e4lte hatten wir wieder unseren Pavillon weihnachtliche mit &#8222;fairen&#8220; Artikeln ausgestattet: <\/span><span style=\"color: #000000\">Ein stimmungsvolles Ambiente<\/span><\/p>\n<p>&nbsp;<\/p>\n<h3 style=\"text-align: center\"><span style=\"color: #800000\">Literatur trifft Wein am 5.11.2025<\/span><\/h3>\n<p style=\"text-align: center\">Diesmal wieder im herbstlich dekorierten Pfarrheim Hamminkeln las Frau Bartmann von der &#8222;B\u00fccherecke Rees&#8220;\u00a0 aus einer Auswahl interessanter Romane und Geschichten vor.\u00a0 Die kfd hatte kleine Knabbereien vorbereitet, unser Eine-Welt-Laden servierte dazu einen Wei\u00df- und einen Rotwein.<\/p>\n<p style=\"text-align: center\">\u00a0 Die vorgestellten B\u00fccher konnten vor Ort gekauft werden<\/p>\n<p style=\"text-align: center\">Wir freuen uns schon auf das n\u00e4chste Jahr!<\/p>\n<p>&nbsp;<\/p>\n<h3 style=\"text-align: center\">Bennen on Butten<\/h3>\n<p style=\"text-align: center\">Der bisherige verkaufsoffene Sonntag Ende August fand in diesem Jahr nicht mehr statt. Er wurde abgel\u00f6st vom &#8222;Streetfood-Festival&#8220; mit Musik im Bereich Rathaus und Kloppert. Ob und wie wir uns vielleicht im n\u00e4chsten Jahr daran beteiligen, steht noch nicht fest.<\/p>\n<h3><\/h3>\n<p>&nbsp;<\/p>\n<p>&nbsp;<\/p>\n<p>&nbsp;<\/p>\n<p>&nbsp;<\/p>\n<p>&nbsp;<\/p>\n<p>&nbsp;<\/p>\n<p>&nbsp;<\/p>\n<p>&nbsp;<\/p>\n<h3><\/h3>\n<h3 style=\"text-align: center\"><\/h3>\n<p>&nbsp;<\/p>\n","protected":false},"excerpt":{"rendered":"<p>Fr\u00fchlingsmarkt am 28.03.2026 Der Fr\u00fchlingsmarkt bei Kloppert hat Tradition in Hamminkeln: Zum siebten Mal l\u00e4dt er inzwischen ein und bietet&hellip;<\/p>\n","protected":false},"author":30,"featured_media":1397,"comment_status":"closed","ping_status":"closed","sticky":false,"template":"","format":"standard","meta":{"footnotes":""},"categories":[4],"tags":[],"class_list":["post-731","post","type-post","status-publish","format-standard","has-post-thumbnail","hentry","category-termine-aktuell","category-4","description-off"],"yoast_head":"<!-- This site is optimized with the Yoast SEO plugin v23.4 - https:\/\/yoast.com\/wordpress\/plugins\/seo\/ -->\n<title>Saisonale M\u00e4rkte - Weltladen Hamminkeln<\/title>\n<meta name=\"robots\" content=\"index, follow, max-snippet:-1, max-image-preview:large, max-video-preview:-1\" \/>\n<link rel=\"canonical\" href=\"https:\/\/fair-rhein.de\/hamminkeln\/weihnachtsmarkt\/\" \/>\n<meta property=\"og:locale\" content=\"de_DE\" \/>\n<meta property=\"og:type\" content=\"article\" \/>\n<meta property=\"og:title\" content=\"Saisonale M\u00e4rkte - Weltladen Hamminkeln\" \/>\n<meta property=\"og:description\" content=\"Fr\u00fchlingsmarkt am 28.03.2026 Der Fr\u00fchlingsmarkt bei Kloppert hat Tradition in Hamminkeln: Zum siebten Mal l\u00e4dt er inzwischen ein und bietet&hellip;\" \/>\n<meta property=\"og:url\" content=\"https:\/\/fair-rhein.de\/hamminkeln\/weihnachtsmarkt\/\" \/>\n<meta property=\"og:site_name\" content=\"Weltladen Hamminkeln\" \/>\n<meta property=\"article:published_time\" content=\"2021-03-02T13:00:04+00:00\" \/>\n<meta property=\"article:modified_time\" content=\"2026-02-10T11:52:52+00:00\" \/>\n<meta property=\"og:image\" content=\"https:\/\/fair-rhein.de\/hamminkeln\/wp-content\/uploads\/sites\/10\/2026\/02\/IMG-20260206-WA0000.jpg\" \/>\n\t<meta property=\"og:image:width\" content=\"1311\" \/>\n\t<meta property=\"og:image:height\" content=\"862\" \/>\n\t<meta property=\"og:image:type\" content=\"image\/jpeg\" \/>\n<meta name=\"author\" content=\"fairrhein\" \/>\n<meta name=\"twitter:card\" content=\"summary_large_image\" \/>\n<meta name=\"twitter:label1\" content=\"Verfasst von\" \/>\n\t<meta name=\"twitter:data1\" content=\"fairrhein\" \/>\n\t<meta name=\"twitter:label2\" content=\"Gesch\u00e4tzte Lesezeit\" \/>\n\t<meta name=\"twitter:data2\" content=\"2\u00a0Minuten\" \/>\n<script type=\"application\/ld+json\" class=\"yoast-schema-graph\">{\"@context\":\"https:\/\/schema.org\",\"@graph\":[{\"@type\":\"Article\",\"@id\":\"https:\/\/fair-rhein.de\/hamminkeln\/weihnachtsmarkt\/#article\",\"isPartOf\":{\"@id\":\"https:\/\/fair-rhein.de\/hamminkeln\/weihnachtsmarkt\/\"},\"author\":{\"name\":\"fairrhein\",\"@id\":\"https:\/\/fair-rhein.de\/hamminkeln\/#\/schema\/person\/7666d4d1961b8eeeee02f16e7226de73\"},\"headline\":\"Saisonale M\u00e4rkte\",\"datePublished\":\"2021-03-02T13:00:04+00:00\",\"dateModified\":\"2026-02-10T11:52:52+00:00\",\"mainEntityOfPage\":{\"@id\":\"https:\/\/fair-rhein.de\/hamminkeln\/weihnachtsmarkt\/\"},\"wordCount\":304,\"publisher\":{\"@id\":\"https:\/\/fair-rhein.de\/hamminkeln\/#organization\"},\"image\":{\"@id\":\"https:\/\/fair-rhein.de\/hamminkeln\/weihnachtsmarkt\/#primaryimage\"},\"thumbnailUrl\":\"https:\/\/fair-rhein.de\/hamminkeln\/wp-content\/uploads\/sites\/10\/2026\/02\/IMG-20260206-WA0000.jpg\",\"articleSection\":[\"Aktuelle Termine\"],\"inLanguage\":\"de\"},{\"@type\":\"WebPage\",\"@id\":\"https:\/\/fair-rhein.de\/hamminkeln\/weihnachtsmarkt\/\",\"url\":\"https:\/\/fair-rhein.de\/hamminkeln\/weihnachtsmarkt\/\",\"name\":\"Saisonale M\u00e4rkte - Weltladen Hamminkeln\",\"isPartOf\":{\"@id\":\"https:\/\/fair-rhein.de\/hamminkeln\/#website\"},\"primaryImageOfPage\":{\"@id\":\"https:\/\/fair-rhein.de\/hamminkeln\/weihnachtsmarkt\/#primaryimage\"},\"image\":{\"@id\":\"https:\/\/fair-rhein.de\/hamminkeln\/weihnachtsmarkt\/#primaryimage\"},\"thumbnailUrl\":\"https:\/\/fair-rhein.de\/hamminkeln\/wp-content\/uploads\/sites\/10\/2026\/02\/IMG-20260206-WA0000.jpg\",\"datePublished\":\"2021-03-02T13:00:04+00:00\",\"dateModified\":\"2026-02-10T11:52:52+00:00\",\"breadcrumb\":{\"@id\":\"https:\/\/fair-rhein.de\/hamminkeln\/weihnachtsmarkt\/#breadcrumb\"},\"inLanguage\":\"de\",\"potentialAction\":[{\"@type\":\"ReadAction\",\"target\":[\"https:\/\/fair-rhein.de\/hamminkeln\/weihnachtsmarkt\/\"]}]},{\"@type\":\"ImageObject\",\"inLanguage\":\"de\",\"@id\":\"https:\/\/fair-rhein.de\/hamminkeln\/weihnachtsmarkt\/#primaryimage\",\"url\":\"https:\/\/fair-rhein.de\/hamminkeln\/wp-content\/uploads\/sites\/10\/2026\/02\/IMG-20260206-WA0000.jpg\",\"contentUrl\":\"https:\/\/fair-rhein.de\/hamminkeln\/wp-content\/uploads\/sites\/10\/2026\/02\/IMG-20260206-WA0000.jpg\",\"width\":1311,\"height\":862},{\"@type\":\"BreadcrumbList\",\"@id\":\"https:\/\/fair-rhein.de\/hamminkeln\/weihnachtsmarkt\/#breadcrumb\",\"itemListElement\":[{\"@type\":\"ListItem\",\"position\":1,\"name\":\"Startseite\",\"item\":\"https:\/\/fair-rhein.de\/hamminkeln\/\"},{\"@type\":\"ListItem\",\"position\":2,\"name\":\"Saisonale M\u00e4rkte\"}]},{\"@type\":\"WebSite\",\"@id\":\"https:\/\/fair-rhein.de\/hamminkeln\/#website\",\"url\":\"https:\/\/fair-rhein.de\/hamminkeln\/\",\"name\":\"Weltladen Hamminkeln\",\"description\":\"Fairer Handel in Hamminkeln\",\"publisher\":{\"@id\":\"https:\/\/fair-rhein.de\/hamminkeln\/#organization\"},\"potentialAction\":[{\"@type\":\"SearchAction\",\"target\":{\"@type\":\"EntryPoint\",\"urlTemplate\":\"https:\/\/fair-rhein.de\/hamminkeln\/?s={search_term_string}\"},\"query-input\":{\"@type\":\"PropertyValueSpecification\",\"valueRequired\":true,\"valueName\":\"search_term_string\"}}],\"inLanguage\":\"de\"},{\"@type\":\"Organization\",\"@id\":\"https:\/\/fair-rhein.de\/hamminkeln\/#organization\",\"name\":\"Weltladen Hamminkeln\",\"url\":\"https:\/\/fair-rhein.de\/hamminkeln\/\",\"logo\":{\"@type\":\"ImageObject\",\"inLanguage\":\"de\",\"@id\":\"https:\/\/fair-rhein.de\/hamminkeln\/#\/schema\/logo\/image\/\",\"url\":\"https:\/\/fair-rhein.de\/hamminkeln\/wp-content\/uploads\/sites\/10\/2020\/04\/hamminkeln-startseite-weltladen-hamminkeln.png\",\"contentUrl\":\"https:\/\/fair-rhein.de\/hamminkeln\/wp-content\/uploads\/sites\/10\/2020\/04\/hamminkeln-startseite-weltladen-hamminkeln.png\",\"width\":400,\"height\":200,\"caption\":\"Weltladen Hamminkeln\"},\"image\":{\"@id\":\"https:\/\/fair-rhein.de\/hamminkeln\/#\/schema\/logo\/image\/\"}},{\"@type\":\"Person\",\"@id\":\"https:\/\/fair-rhein.de\/hamminkeln\/#\/schema\/person\/7666d4d1961b8eeeee02f16e7226de73\",\"name\":\"fairrhein\",\"image\":{\"@type\":\"ImageObject\",\"inLanguage\":\"de\",\"@id\":\"https:\/\/fair-rhein.de\/hamminkeln\/#\/schema\/person\/image\/\",\"url\":\"https:\/\/secure.gravatar.com\/avatar\/f35b02c26095a789bc75dbb7976adf63688827952175838174a9620c45934c9b?s=96&d=mm&r=g\",\"contentUrl\":\"https:\/\/secure.gravatar.com\/avatar\/f35b02c26095a789bc75dbb7976adf63688827952175838174a9620c45934c9b?s=96&d=mm&r=g\",\"caption\":\"fairrhein\"}}]}<\/script>\n<!-- \/ Yoast SEO plugin. -->","yoast_head_json":{"title":"Saisonale M\u00e4rkte - Weltladen Hamminkeln","robots":{"index":"index","follow":"follow","max-snippet":"max-snippet:-1","max-image-preview":"max-image-preview:large","max-video-preview":"max-video-preview:-1"},"canonical":"https:\/\/fair-rhein.de\/hamminkeln\/weihnachtsmarkt\/","og_locale":"de_DE","og_type":"article","og_title":"Saisonale M\u00e4rkte - Weltladen Hamminkeln","og_description":"Fr\u00fchlingsmarkt am 28.03.2026 Der Fr\u00fchlingsmarkt bei Kloppert hat Tradition in Hamminkeln: Zum siebten Mal l\u00e4dt er inzwischen ein und bietet&hellip;","og_url":"https:\/\/fair-rhein.de\/hamminkeln\/weihnachtsmarkt\/","og_site_name":"Weltladen Hamminkeln","article_published_time":"2021-03-02T13:00:04+00:00","article_modified_time":"2026-02-10T11:52:52+00:00","og_image":[{"width":1311,"height":862,"url":"https:\/\/fair-rhein.de\/hamminkeln\/wp-content\/uploads\/sites\/10\/2026\/02\/IMG-20260206-WA0000.jpg","type":"image\/jpeg"}],"author":"fairrhein","twitter_card":"summary_large_image","twitter_misc":{"Verfasst von":"fairrhein","Gesch\u00e4tzte Lesezeit":"2\u00a0Minuten"},"schema":{"@context":"https:\/\/schema.org","@graph":[{"@type":"Article","@id":"https:\/\/fair-rhein.de\/hamminkeln\/weihnachtsmarkt\/#article","isPartOf":{"@id":"https:\/\/fair-rhein.de\/hamminkeln\/weihnachtsmarkt\/"},"author":{"name":"fairrhein","@id":"https:\/\/fair-rhein.de\/hamminkeln\/#\/schema\/person\/7666d4d1961b8eeeee02f16e7226de73"},"headline":"Saisonale M\u00e4rkte","datePublished":"2021-03-02T13:00:04+00:00","dateModified":"2026-02-10T11:52:52+00:00","mainEntityOfPage":{"@id":"https:\/\/fair-rhein.de\/hamminkeln\/weihnachtsmarkt\/"},"wordCount":304,"publisher":{"@id":"https:\/\/fair-rhein.de\/hamminkeln\/#organization"},"image":{"@id":"https:\/\/fair-rhein.de\/hamminkeln\/weihnachtsmarkt\/#primaryimage"},"thumbnailUrl":"https:\/\/fair-rhein.de\/hamminkeln\/wp-content\/uploads\/sites\/10\/2026\/02\/IMG-20260206-WA0000.jpg","articleSection":["Aktuelle Termine"],"inLanguage":"de"},{"@type":"WebPage","@id":"https:\/\/fair-rhein.de\/hamminkeln\/weihnachtsmarkt\/","url":"https:\/\/fair-rhein.de\/hamminkeln\/weihnachtsmarkt\/","name":"Saisonale M\u00e4rkte - Weltladen Hamminkeln","isPartOf":{"@id":"https:\/\/fair-rhein.de\/hamminkeln\/#website"},"primaryImageOfPage":{"@id":"https:\/\/fair-rhein.de\/hamminkeln\/weihnachtsmarkt\/#primaryimage"},"image":{"@id":"https:\/\/fair-rhein.de\/hamminkeln\/weihnachtsmarkt\/#primaryimage"},"thumbnailUrl":"https:\/\/fair-rhein.de\/hamminkeln\/wp-content\/uploads\/sites\/10\/2026\/02\/IMG-20260206-WA0000.jpg","datePublished":"2021-03-02T13:00:04+00:00","dateModified":"2026-02-10T11:52:52+00:00","breadcrumb":{"@id":"https:\/\/fair-rhein.de\/hamminkeln\/weihnachtsmarkt\/#breadcrumb"},"inLanguage":"de","potentialAction":[{"@type":"ReadAction","target":["https:\/\/fair-rhein.de\/hamminkeln\/weihnachtsmarkt\/"]}]},{"@type":"ImageObject","inLanguage":"de","@id":"https:\/\/fair-rhein.de\/hamminkeln\/weihnachtsmarkt\/#primaryimage","url":"https:\/\/fair-rhein.de\/hamminkeln\/wp-content\/uploads\/sites\/10\/2026\/02\/IMG-20260206-WA0000.jpg","contentUrl":"https:\/\/fair-rhein.de\/hamminkeln\/wp-content\/uploads\/sites\/10\/2026\/02\/IMG-20260206-WA0000.jpg","width":1311,"height":862},{"@type":"BreadcrumbList","@id":"https:\/\/fair-rhein.de\/hamminkeln\/weihnachtsmarkt\/#breadcrumb","itemListElement":[{"@type":"ListItem","position":1,"name":"Startseite","item":"https:\/\/fair-rhein.de\/hamminkeln\/"},{"@type":"ListItem","position":2,"name":"Saisonale M\u00e4rkte"}]},{"@type":"WebSite","@id":"https:\/\/fair-rhein.de\/hamminkeln\/#website","url":"https:\/\/fair-rhein.de\/hamminkeln\/","name":"Weltladen Hamminkeln","description":"Fairer Handel in Hamminkeln","publisher":{"@id":"https:\/\/fair-rhein.de\/hamminkeln\/#organization"},"potentialAction":[{"@type":"SearchAction","target":{"@type":"EntryPoint","urlTemplate":"https:\/\/fair-rhein.de\/hamminkeln\/?s={search_term_string}"},"query-input":{"@type":"PropertyValueSpecification","valueRequired":true,"valueName":"search_term_string"}}],"inLanguage":"de"},{"@type":"Organization","@id":"https:\/\/fair-rhein.de\/hamminkeln\/#organization","name":"Weltladen Hamminkeln","url":"https:\/\/fair-rhein.de\/hamminkeln\/","logo":{"@type":"ImageObject","inLanguage":"de","@id":"https:\/\/fair-rhein.de\/hamminkeln\/#\/schema\/logo\/image\/","url":"https:\/\/fair-rhein.de\/hamminkeln\/wp-content\/uploads\/sites\/10\/2020\/04\/hamminkeln-startseite-weltladen-hamminkeln.png","contentUrl":"https:\/\/fair-rhein.de\/hamminkeln\/wp-content\/uploads\/sites\/10\/2020\/04\/hamminkeln-startseite-weltladen-hamminkeln.png","width":400,"height":200,"caption":"Weltladen Hamminkeln"},"image":{"@id":"https:\/\/fair-rhein.de\/hamminkeln\/#\/schema\/logo\/image\/"}},{"@type":"Person","@id":"https:\/\/fair-rhein.de\/hamminkeln\/#\/schema\/person\/7666d4d1961b8eeeee02f16e7226de73","name":"fairrhein","image":{"@type":"ImageObject","inLanguage":"de","@id":"https:\/\/fair-rhein.de\/hamminkeln\/#\/schema\/person\/image\/","url":"https:\/\/secure.gravatar.com\/avatar\/f35b02c26095a789bc75dbb7976adf63688827952175838174a9620c45934c9b?s=96&d=mm&r=g","contentUrl":"https:\/\/secure.gravatar.com\/avatar\/f35b02c26095a789bc75dbb7976adf63688827952175838174a9620c45934c9b?s=96&d=mm&r=g","caption":"fairrhein"}}]}},"_links":{"self":[{"href":"https:\/\/fair-rhein.de\/hamminkeln\/wp-json\/wp\/v2\/posts\/731","targetHints":{"allow":["GET"]}}],"collection":[{"href":"https:\/\/fair-rhein.de\/hamminkeln\/wp-json\/wp\/v2\/posts"}],"about":[{"href":"https:\/\/fair-rhein.de\/hamminkeln\/wp-json\/wp\/v2\/types\/post"}],"author":[{"embeddable":true,"href":"https:\/\/fair-rhein.de\/hamminkeln\/wp-json\/wp\/v2\/users\/30"}],"replies":[{"embeddable":true,"href":"https:\/\/fair-rhein.de\/hamminkeln\/wp-json\/wp\/v2\/comments?post=731"}],"version-history":[{"count":122,"href":"https:\/\/fair-rhein.de\/hamminkeln\/wp-json\/wp\/v2\/posts\/731\/revisions"}],"predecessor-version":[{"id":1390,"href":"https:\/\/fair-rhein.de\/hamminkeln\/wp-json\/wp\/v2\/posts\/731\/revisions\/1390"}],"wp:featuredmedia":[{"embeddable":true,"href":"https:\/\/fair-rhein.de\/hamminkeln\/wp-json\/wp\/v2\/media\/1397"}],"wp:attachment":[{"href":"https:\/\/fair-rhein.de\/hamminkeln\/wp-json\/wp\/v2\/media?parent=731"}],"wp:term":[{"taxonomy":"category","embeddable":true,"href":"https:\/\/fair-rhein.de\/hamminkeln\/wp-json\/wp\/v2\/categories?post=731"},{"taxonomy":"post_tag","embeddable":true,"href":"https:\/\/fair-rhein.de\/hamminkeln\/wp-json\/wp\/v2\/tags?post=731"}],"curies":[{"name":"wp","href":"https:\/\/api.w.org\/{rel}","templated":true}]}}