{"id":640,"date":"2019-10-07T17:31:01","date_gmt":"2019-10-07T15:31:01","guid":{"rendered":"https:\/\/fair-rhein.de\/krefeld\/?p=640"},"modified":"2020-05-03T18:25:05","modified_gmt":"2020-05-03T16:25:05","slug":"ein-jahr-fair-trade-town-krefeld","status":"publish","type":"post","link":"https:\/\/fair-rhein.de\/krefeld\/ein-jahr-fair-trade-town-krefeld\/","title":{"rendered":"Ein Jahr Fair-Trade-Town Krefeld"},"content":{"rendered":"<p>Mit einer Abschlussveranstaltung im Rathausfoyer wurde zum Abschluss der Fairen Woche in Krefeld auch das Jubil\u00e4um \u201eEin Jahr Fair-Trade-Town&#8220; gemeinsam gefeiert. Oberb\u00fcrgermeister Frank Meyer hatte die Akteure eingeladen, um ihnen f\u00fcr den Einsatz zu danken und die \u00d6ffentlichkeit erneut auf das Thema aufmerksam zu machen. Eine kleine Ausstellung mit fairen Angeboten bot einen passenden Rahmen dazu. \u201eDas Siegel Fairtrade-Town, das Krefeld nun seit einem Jahr tr\u00e4gt, zeichnet St\u00e4dte aus, die gezielt den fairen Handel auf kommunaler Ebene f\u00f6rdern: Zugrunde liegt eine Vernetzung von Personen aus Zivilgesellschaft, Politik und Wirtschaft, die sich f\u00fcr den fairen Handel stark machen&#8220;, so der Oberb\u00fcrgermeister in seiner Ansprache. Nat\u00fcrlich handelt es sich um ein globales Problem, das nicht eine Stadt allein l\u00f6sen kann. Sinnvoll sei es aber, im Kleinen anzufangen und die Dinge Schritt f\u00fcr Schritt zum Positiven zu ver\u00e4ndern, so Frank Meyer. \u201eJeder kann etwas tun, Krefeld ist dabei.&#8220;<\/p>\n<p><em>Foto: Stadt Krefeld, Presse und Kommunikation, L. Str\u00fccken<\/em><\/p>\n","protected":false},"excerpt":{"rendered":"<p>Mit einer Abschlussveranstaltung im Rathausfoyer wurde zum Abschluss der Fairen Woche in Krefeld auch das Jubil\u00e4um \u201eEin Jahr Fair-Trade-Town&#8220; gemeinsam&hellip;<\/p>\n","protected":false},"author":23,"featured_media":641,"comment_status":"closed","ping_status":"closed","sticky":false,"template":"","format":"standard","meta":{"footnotes":""},"categories":[4],"tags":[],"class_list":["post-640","post","type-post","status-publish","format-standard","has-post-thumbnail","hentry","category-termine-aktuell","category-4","description-off"],"_links":{"self":[{"href":"https:\/\/fair-rhein.de\/krefeld\/wp-json\/wp\/v2\/posts\/640","targetHints":{"allow":["GET"]}}],"collection":[{"href":"https:\/\/fair-rhein.de\/krefeld\/wp-json\/wp\/v2\/posts"}],"about":[{"href":"https:\/\/fair-rhein.de\/krefeld\/wp-json\/wp\/v2\/types\/post"}],"author":[{"embeddable":true,"href":"https:\/\/fair-rhein.de\/krefeld\/wp-json\/wp\/v2\/users\/23"}],"replies":[{"embeddable":true,"href":"https:\/\/fair-rhein.de\/krefeld\/wp-json\/wp\/v2\/comments?post=640"}],"version-history":[{"count":1,"href":"https:\/\/fair-rhein.de\/krefeld\/wp-json\/wp\/v2\/posts\/640\/revisions"}],"predecessor-version":[{"id":642,"href":"https:\/\/fair-rhein.de\/krefeld\/wp-json\/wp\/v2\/posts\/640\/revisions\/642"}],"wp:featuredmedia":[{"embeddable":true,"href":"https:\/\/fair-rhein.de\/krefeld\/wp-json\/wp\/v2\/media\/641"}],"wp:attachment":[{"href":"https:\/\/fair-rhein.de\/krefeld\/wp-json\/wp\/v2\/media?parent=640"}],"wp:term":[{"taxonomy":"category","embeddable":true,"href":"https:\/\/fair-rhein.de\/krefeld\/wp-json\/wp\/v2\/categories?post=640"},{"taxonomy":"post_tag","embeddable":true,"href":"https:\/\/fair-rhein.de\/krefeld\/wp-json\/wp\/v2\/tags?post=640"}],"curies":[{"name":"wp","href":"https:\/\/api.w.org\/{rel}","templated":true}]}}