{"id":123,"date":"2019-10-11T12:14:30","date_gmt":"2019-10-11T10:14:30","guid":{"rendered":"https:\/\/fair-rhein.de\/weltgarten\/?p=123"},"modified":"2019-10-11T12:14:30","modified_gmt":"2019-10-11T10:14:30","slug":"wie-kommt-kaffee-vom-strauch-bis-in-die-tasse","status":"publish","type":"post","link":"https:\/\/fair-rhein.de\/weltgarten\/wie-kommt-kaffee-vom-strauch-bis-in-die-tasse\/","title":{"rendered":"Wie kommt Kaffee vom Strauch bis in die Tasse?"},"content":{"rendered":"<p><img loading=\"lazy\" decoding=\"async\" class=\"size-medium wp-image-124 alignleft\" src=\"https:\/\/fair-rhein.de\/weltgarten\/wp-content\/uploads\/sites\/7\/2019\/10\/weltgarten-wie-kommt-kaffee-vom-strauch-bis-in-die-tasse-kaffee-300x154.jpg\" alt=\"\" width=\"300\" height=\"154\" srcset=\"https:\/\/fair-rhein.de\/weltgarten\/wp-content\/uploads\/sites\/7\/2019\/10\/weltgarten-wie-kommt-kaffee-vom-strauch-bis-in-die-tasse-kaffee-300x154.jpg 300w, https:\/\/fair-rhein.de\/weltgarten\/wp-content\/uploads\/sites\/7\/2019\/10\/weltgarten-wie-kommt-kaffee-vom-strauch-bis-in-die-tasse-kaffee.jpg 519w\" sizes=\"auto, (max-width: 300px) 100vw, 300px\" \/>Kaffee kann nicht nur schmecken und wachmachen, er ist auch ein St\u00fcck Weltpolitik! Im Weltgarten gibt es einen Kaffee-Parcours, bei dem Sch\u00fcler und Erwachsene lernen, wie er produziert, gehandelt, weiterverarbeitet und zu uns transportiert wird. Wir blicken auf den Lebensalltag von Kaffeeb\u00e4uerinnen, die Arbeitsbedingungen im Kaffeeanbau und auf das soziale und \u00f6kologische Engagement im Fairen Handel. Denn nur durch einen gleichberechtigten Handel auf Augenh\u00f6he kann schwankenden Weltmarktpreisen und der Marktmacht einzelner Gro\u00dfkonzerne eine effektive Alternative gegen\u00fcbergestellt werden. Der Weg des Kaffees vom Strauch bis in die Tasse wird so f\u00fcr jeden selbst erlebbar.<\/p>\n<p><em>Zielgruppe: Klasse 10 &#8211; 13 und Erwachsene<\/em><\/p>\n<p><strong><a href=\"https:\/\/fair-rhein.de\/weltgarten\/globales-lernen-unsere-angebote\/#buchen\">&gt;&gt; zum Anmeldeformular<\/a><\/strong><\/p>\n","protected":false},"excerpt":{"rendered":"<p>Kaffee kann nicht nur schmecken und wachmachen, er ist auch ein St\u00fcck Weltpolitik! Im Weltgarten gibt es einen Kaffee-Parcours, bei dem Sch\u00fcler und Erwachsene lernen, wie er produziert, gehandelt, weiterverarbeitet und zu uns transportiert wird. Wir blicken auf den Lebensalltag von Kaffeeb\u00e4uerinnen, die Arbeitsbedingungen im Kaffeeanbau und auf das soziale und \u00f6kologische Engagement im Fairen&hellip;<\/p>\n","protected":false},"author":23,"featured_media":124,"comment_status":"closed","ping_status":"closed","sticky":false,"template":"","format":"standard","meta":{"footnotes":""},"categories":[4],"tags":[],"class_list":["post-123","post","type-post","status-publish","format-standard","has-post-thumbnail","hentry","category-bildungsangebote","category-4","description-off"],"_links":{"self":[{"href":"https:\/\/fair-rhein.de\/weltgarten\/wp-json\/wp\/v2\/posts\/123","targetHints":{"allow":["GET"]}}],"collection":[{"href":"https:\/\/fair-rhein.de\/weltgarten\/wp-json\/wp\/v2\/posts"}],"about":[{"href":"https:\/\/fair-rhein.de\/weltgarten\/wp-json\/wp\/v2\/types\/post"}],"author":[{"embeddable":true,"href":"https:\/\/fair-rhein.de\/weltgarten\/wp-json\/wp\/v2\/users\/23"}],"replies":[{"embeddable":true,"href":"https:\/\/fair-rhein.de\/weltgarten\/wp-json\/wp\/v2\/comments?post=123"}],"version-history":[{"count":1,"href":"https:\/\/fair-rhein.de\/weltgarten\/wp-json\/wp\/v2\/posts\/123\/revisions"}],"predecessor-version":[{"id":125,"href":"https:\/\/fair-rhein.de\/weltgarten\/wp-json\/wp\/v2\/posts\/123\/revisions\/125"}],"wp:featuredmedia":[{"embeddable":true,"href":"https:\/\/fair-rhein.de\/weltgarten\/wp-json\/wp\/v2\/media\/124"}],"wp:attachment":[{"href":"https:\/\/fair-rhein.de\/weltgarten\/wp-json\/wp\/v2\/media?parent=123"}],"wp:term":[{"taxonomy":"category","embeddable":true,"href":"https:\/\/fair-rhein.de\/weltgarten\/wp-json\/wp\/v2\/categories?post=123"},{"taxonomy":"post_tag","embeddable":true,"href":"https:\/\/fair-rhein.de\/weltgarten\/wp-json\/wp\/v2\/tags?post=123"}],"curies":[{"name":"wp","href":"https:\/\/api.w.org\/{rel}","templated":true}]}}