{"id":199,"date":"2019-12-05T12:48:10","date_gmt":"2019-12-05T11:48:10","guid":{"rendered":"https:\/\/fair-rhein.de\/weltgarten\/?p=199"},"modified":"2019-12-05T12:48:10","modified_gmt":"2019-12-05T11:48:10","slug":"das-weltgartengelaende","status":"publish","type":"post","link":"https:\/\/fair-rhein.de\/weltgarten\/das-weltgartengelaende\/","title":{"rendered":"Wir pr\u00e4sentieren: Das Weltgartengel\u00e4nde"},"content":{"rendered":"<p>Auch wenn noch ganz sch\u00f6n viel Fantasie gefragt ist, sich hier ein buntes Treiben rund um Lernstationen und Kuppelzelt vorzustellen, passiert schon Einiges.<\/p>\n<p>Das SCI Integrationsunternehmen aus Moers hat in der letzten Woche die Erdarbeiten f\u00fcr das Gel\u00e4nde des Weltgartens fertig gestellt. Es wurden Wege angelegt, L\u00f6cher gebohrt und Gras anges\u00e4t &#8211; damit sind die Untergrundarbeiten abgeschlossen.<\/p>\n<p>Nun liegt es an uns diese &#8222;Leinwand&#8220; mit buntem Leben zu f\u00fcllen.<\/p>\n<p>&nbsp;<\/p>\n<p>&nbsp;<\/p>\n","protected":false},"excerpt":{"rendered":"<p>Auch wenn noch ganz sch\u00f6n viel Fantasie gefragt ist, sich hier ein buntes Treiben rund um Lernstationen und Kuppelzelt vorzustellen, passiert schon Einiges. Das SCI Integrationsunternehmen aus Moers hat in der letzten Woche die Erdarbeiten f\u00fcr das Gel\u00e4nde des Weltgartens fertig gestellt. Es wurden Wege angelegt, L\u00f6cher gebohrt und Gras anges\u00e4t &#8211; damit sind die&hellip;<\/p>\n","protected":false},"author":30,"featured_media":204,"comment_status":"closed","ping_status":"closed","sticky":false,"template":"","format":"standard","meta":{"footnotes":""},"categories":[3],"tags":[],"class_list":["post-199","post","type-post","status-publish","format-standard","has-post-thumbnail","hentry","category-weltgarten-news","category-3","description-off"],"_links":{"self":[{"href":"https:\/\/fair-rhein.de\/weltgarten\/wp-json\/wp\/v2\/posts\/199","targetHints":{"allow":["GET"]}}],"collection":[{"href":"https:\/\/fair-rhein.de\/weltgarten\/wp-json\/wp\/v2\/posts"}],"about":[{"href":"https:\/\/fair-rhein.de\/weltgarten\/wp-json\/wp\/v2\/types\/post"}],"author":[{"embeddable":true,"href":"https:\/\/fair-rhein.de\/weltgarten\/wp-json\/wp\/v2\/users\/30"}],"replies":[{"embeddable":true,"href":"https:\/\/fair-rhein.de\/weltgarten\/wp-json\/wp\/v2\/comments?post=199"}],"version-history":[{"count":4,"href":"https:\/\/fair-rhein.de\/weltgarten\/wp-json\/wp\/v2\/posts\/199\/revisions"}],"predecessor-version":[{"id":207,"href":"https:\/\/fair-rhein.de\/weltgarten\/wp-json\/wp\/v2\/posts\/199\/revisions\/207"}],"wp:featuredmedia":[{"embeddable":true,"href":"https:\/\/fair-rhein.de\/weltgarten\/wp-json\/wp\/v2\/media\/204"}],"wp:attachment":[{"href":"https:\/\/fair-rhein.de\/weltgarten\/wp-json\/wp\/v2\/media?parent=199"}],"wp:term":[{"taxonomy":"category","embeddable":true,"href":"https:\/\/fair-rhein.de\/weltgarten\/wp-json\/wp\/v2\/categories?post=199"},{"taxonomy":"post_tag","embeddable":true,"href":"https:\/\/fair-rhein.de\/weltgarten\/wp-json\/wp\/v2\/tags?post=199"}],"curies":[{"name":"wp","href":"https:\/\/api.w.org\/{rel}","templated":true}]}}