{"id":292,"date":"2019-10-02T10:28:59","date_gmt":"2019-10-02T08:28:59","guid":{"rendered":"https:\/\/fair-rhein.de\/weltgarten\/?p=292"},"modified":"2019-12-28T10:34:31","modified_gmt":"2019-12-28T09:34:31","slug":"neu-im-team-kerrin-brammer","status":"publish","type":"post","link":"https:\/\/fair-rhein.de\/weltgarten\/neu-im-team-kerrin-brammer\/","title":{"rendered":"Neu im Team: Kerrin Brammer"},"content":{"rendered":"<p class=\"Default\">Zum 1. Oktober startete Kerrin Brammer, Sozialp\u00e4dagogin aus M\u00fcnster, ihre Arbeit in unserem Projekt. Sie wird vor allem unser p\u00e4dagogisches Programm im Gr\u00fcnen Klassenzimmer mitgestalten und w\u00e4hrend der Landesgartenschau die entsprechenden Kurse anbieten. Zurzeit arbeitet sie an den Inhalten der Kursangebote und f\u00fchrt mit den Ehrenamtlichen viele Workshops durch, damit wir mit unserem Programm Impulse geben, Neugier wecken und ins Gespr\u00e4ch kommen k\u00f6nnen.<\/p>\n","protected":false},"excerpt":{"rendered":"<p>Zum 1. Oktober startete Kerrin Brammer, Sozialp\u00e4dagogin aus M\u00fcnster, ihre Arbeit in unserem Projekt. Sie wird vor allem unser p\u00e4dagogisches Programm im Gr\u00fcnen Klassenzimmer mitgestalten und w\u00e4hrend der Landesgartenschau die entsprechenden Kurse anbieten. Zurzeit arbeitet sie an den Inhalten der Kursangebote und f\u00fchrt mit den Ehrenamtlichen viele Workshops durch, damit wir mit unserem Programm Impulse&hellip;<\/p>\n","protected":false},"author":30,"featured_media":297,"comment_status":"closed","ping_status":"closed","sticky":false,"template":"","format":"standard","meta":{"footnotes":""},"categories":[3],"tags":[],"class_list":["post-292","post","type-post","status-publish","format-standard","has-post-thumbnail","hentry","category-weltgarten-news","category-3","description-off"],"_links":{"self":[{"href":"https:\/\/fair-rhein.de\/weltgarten\/wp-json\/wp\/v2\/posts\/292","targetHints":{"allow":["GET"]}}],"collection":[{"href":"https:\/\/fair-rhein.de\/weltgarten\/wp-json\/wp\/v2\/posts"}],"about":[{"href":"https:\/\/fair-rhein.de\/weltgarten\/wp-json\/wp\/v2\/types\/post"}],"author":[{"embeddable":true,"href":"https:\/\/fair-rhein.de\/weltgarten\/wp-json\/wp\/v2\/users\/30"}],"replies":[{"embeddable":true,"href":"https:\/\/fair-rhein.de\/weltgarten\/wp-json\/wp\/v2\/comments?post=292"}],"version-history":[{"count":2,"href":"https:\/\/fair-rhein.de\/weltgarten\/wp-json\/wp\/v2\/posts\/292\/revisions"}],"predecessor-version":[{"id":298,"href":"https:\/\/fair-rhein.de\/weltgarten\/wp-json\/wp\/v2\/posts\/292\/revisions\/298"}],"wp:featuredmedia":[{"embeddable":true,"href":"https:\/\/fair-rhein.de\/weltgarten\/wp-json\/wp\/v2\/media\/297"}],"wp:attachment":[{"href":"https:\/\/fair-rhein.de\/weltgarten\/wp-json\/wp\/v2\/media?parent=292"}],"wp:term":[{"taxonomy":"category","embeddable":true,"href":"https:\/\/fair-rhein.de\/weltgarten\/wp-json\/wp\/v2\/categories?post=292"},{"taxonomy":"post_tag","embeddable":true,"href":"https:\/\/fair-rhein.de\/weltgarten\/wp-json\/wp\/v2\/tags?post=292"}],"curies":[{"name":"wp","href":"https:\/\/api.w.org\/{rel}","templated":true}]}}