{"id":46,"date":"2019-10-04T10:26:15","date_gmt":"2019-10-04T08:26:15","guid":{"rendered":"https:\/\/fair-rhein.de\/weltgarten\/?p=46"},"modified":"2019-10-11T10:55:20","modified_gmt":"2019-10-11T08:55:20","slug":"die-welt-im-garten-das-weltverteilungsspiel","status":"publish","type":"post","link":"https:\/\/fair-rhein.de\/weltgarten\/die-welt-im-garten-das-weltverteilungsspiel\/","title":{"rendered":"Die Welt im Garten \u2013 das Weltverteilungsspiel"},"content":{"rendered":"<p><img loading=\"lazy\" decoding=\"async\" class=\"size-medium wp-image-47 alignleft\" src=\"https:\/\/fair-rhein.de\/weltgarten\/wp-content\/uploads\/sites\/7\/2019\/10\/weltgarten-fair-rhein.de-wo-wachsen-eigentlich-pommes-weltverteilung-300x154.jpg\" alt=\"\" width=\"300\" height=\"154\" srcset=\"https:\/\/fair-rhein.de\/weltgarten\/wp-content\/uploads\/sites\/7\/2019\/10\/weltgarten-fair-rhein.de-wo-wachsen-eigentlich-pommes-weltverteilung-300x154.jpg 300w, https:\/\/fair-rhein.de\/weltgarten\/wp-content\/uploads\/sites\/7\/2019\/10\/weltgarten-fair-rhein.de-wo-wachsen-eigentlich-pommes-weltverteilung.jpg 519w\" sizes=\"auto, (max-width: 300px) 100vw, 300px\" \/>Nicht mehr lange und es leben 8 Milliarden Menschen auf der Erde. Die Bev\u00f6lkerung w\u00e4chst rasant, aber auch sehr unterschiedlich. Auch der Verbrauch von Wasser oder Erd\u00f6l ist alles andere als gleichverteilt und hinterl\u00e4sst seine Spuren. Wir schauen auf die ungleiche Verteilung der G\u00fcter und die Nutzung von Ressourcen auf den einzelnen Kontinenten. Wir blicken auf die die Ursachen und fragen nach den Konsequenzen. Zahlen zur Weltbev\u00f6lkerung, dem Energieverbrauch und CO2-Aussto\u00df werden so anschaulich. Je nach Altersklasse gehen wir dabei unterschiedlich intensiv auf Gerechtigkeit im Welthandel oder weitere Themen wie Fluchtbewegungen ein.<\/p>\n<p><em>Zielgruppe: Klasse 1 &#8211; 13 und Erwachsene\u00a0<\/em><\/p>\n<p><strong><a href=\"https:\/\/fair-rhein.de\/weltgarten\/globales-lernen\/#buchen\">&gt;&gt; zum Anmeldeformular<\/a><\/strong><\/p>\n","protected":false},"excerpt":{"rendered":"<p>Nicht mehr lange und es leben 8 Milliarden Menschen auf der Erde. Die Bev\u00f6lkerung w\u00e4chst rasant, aber auch sehr unterschiedlich. Auch der Verbrauch von Wasser oder Erd\u00f6l ist alles andere als gleichverteilt und hinterl\u00e4sst seine Spuren. Wir schauen auf die ungleiche Verteilung der G\u00fcter und die Nutzung von Ressourcen auf den einzelnen Kontinenten. Wir blicken&hellip;<\/p>\n","protected":false},"author":23,"featured_media":47,"comment_status":"closed","ping_status":"closed","sticky":false,"template":"","format":"standard","meta":{"footnotes":""},"categories":[4],"tags":[],"class_list":["post-46","post","type-post","status-publish","format-standard","has-post-thumbnail","hentry","category-bildungsangebote","category-4","description-off"],"_links":{"self":[{"href":"https:\/\/fair-rhein.de\/weltgarten\/wp-json\/wp\/v2\/posts\/46","targetHints":{"allow":["GET"]}}],"collection":[{"href":"https:\/\/fair-rhein.de\/weltgarten\/wp-json\/wp\/v2\/posts"}],"about":[{"href":"https:\/\/fair-rhein.de\/weltgarten\/wp-json\/wp\/v2\/types\/post"}],"author":[{"embeddable":true,"href":"https:\/\/fair-rhein.de\/weltgarten\/wp-json\/wp\/v2\/users\/23"}],"replies":[{"embeddable":true,"href":"https:\/\/fair-rhein.de\/weltgarten\/wp-json\/wp\/v2\/comments?post=46"}],"version-history":[{"count":3,"href":"https:\/\/fair-rhein.de\/weltgarten\/wp-json\/wp\/v2\/posts\/46\/revisions"}],"predecessor-version":[{"id":115,"href":"https:\/\/fair-rhein.de\/weltgarten\/wp-json\/wp\/v2\/posts\/46\/revisions\/115"}],"wp:featuredmedia":[{"embeddable":true,"href":"https:\/\/fair-rhein.de\/weltgarten\/wp-json\/wp\/v2\/media\/47"}],"wp:attachment":[{"href":"https:\/\/fair-rhein.de\/weltgarten\/wp-json\/wp\/v2\/media?parent=46"}],"wp:term":[{"taxonomy":"category","embeddable":true,"href":"https:\/\/fair-rhein.de\/weltgarten\/wp-json\/wp\/v2\/categories?post=46"},{"taxonomy":"post_tag","embeddable":true,"href":"https:\/\/fair-rhein.de\/weltgarten\/wp-json\/wp\/v2\/tags?post=46"}],"curies":[{"name":"wp","href":"https:\/\/api.w.org\/{rel}","templated":true}]}}